{"id":29060,"date":"2026-03-03T19:13:40","date_gmt":"2026-03-03T18:13:40","guid":{"rendered":"https:\/\/agora.xtec.cat\/iesantanna-premiadedalt\/?p=29060"},"modified":"2026-03-03T19:19:04","modified_gmt":"2026-03-03T18:19:04","slug":"erasmus-a-colonia_dies-1-i-2","status":"publish","type":"post","link":"https:\/\/agora.xtec.cat\/iesantanna-premiadedalt\/erasmus\/general\/erasmus-a-colonia_dies-1-i-2\/","title":{"rendered":"Erasmus a Col\u00f2nia_Dies 1 i 2"},"content":{"rendered":"\n<p><strong>Catal\u00e0<\/strong><\/p>\n\n\n\n<div class=\"wp-block-cover is-light\"><span aria-hidden=\"true\" class=\"wp-block-cover__background has-background-dim\" style=\"background-color:#8e8b8a\"><\/span><img loading=\"lazy\" decoding=\"async\" width=\"1600\" height=\"1201\" class=\"wp-block-cover__image-background wp-image-29092\" alt=\"\" src=\"https:\/\/agora.xtec.cat\/iesantanna-premiadedalt\/wp-content\/uploads\/usu517\/2026\/03\/WhatsApp-Image-2026-03-03-at-18.48.43-1.jpeg\" data-object-fit=\"cover\" srcset=\"https:\/\/agora.xtec.cat\/iesantanna-premiadedalt\/wp-content\/uploads\/usu517\/2026\/03\/WhatsApp-Image-2026-03-03-at-18.48.43-1.jpeg 1600w, https:\/\/agora.xtec.cat\/iesantanna-premiadedalt\/wp-content\/uploads\/usu517\/2026\/03\/WhatsApp-Image-2026-03-03-at-18.48.43-1-300x225.jpeg 300w, https:\/\/agora.xtec.cat\/iesantanna-premiadedalt\/wp-content\/uploads\/usu517\/2026\/03\/WhatsApp-Image-2026-03-03-at-18.48.43-1-1024x769.jpeg 1024w, https:\/\/agora.xtec.cat\/iesantanna-premiadedalt\/wp-content\/uploads\/usu517\/2026\/03\/WhatsApp-Image-2026-03-03-at-18.48.43-1-768x576.jpeg 768w, https:\/\/agora.xtec.cat\/iesantanna-premiadedalt\/wp-content\/uploads\/usu517\/2026\/03\/WhatsApp-Image-2026-03-03-at-18.48.43-1-1536x1153.jpeg 1536w\" sizes=\"auto, (max-width: 1600px) 100vw, 1600px\" \/><div class=\"wp-block-cover__inner-container is-layout-flow wp-block-cover-is-layout-flow\">\n<p class=\"has-text-align-center has-large-font-size\"><\/p>\n<\/div><\/div>\n\n\n\n<p>Despr\u00e9s de l\u2019arribada d\u2019ahir a Col\u00f2nia, avui els nostres alumnes han viscut una primera jornada plena d\u2019emocions i descobertes. Al mat\u00ed han visitat l\u2019escola d\u2019acollida, on han pogut con\u00e8ixer els seus companys alemanys i comen\u00e7ar a trencar el gel amb diverses activitats de coneixen\u00e7a. Din\u00e0miques divertides, jocs en grup i molta complicitat han ajudat a crear un ambient molt positiu des del primer moment.<\/p>\n\n\n\n<figure class=\"wp-block-image size-large\"><a href=\"https:\/\/agora.xtec.cat\/iesantanna-premiadedalt\/wp-content\/uploads\/usu517\/2026\/03\/WhatsApp-Image-2026-03-03-at-18.48.07-5.jpeg\"><img loading=\"lazy\" decoding=\"async\" width=\"769\" height=\"1024\" src=\"https:\/\/agora.xtec.cat\/iesantanna-premiadedalt\/wp-content\/uploads\/usu517\/2026\/03\/WhatsApp-Image-2026-03-03-at-18.48.07-5-769x1024.jpeg\" alt=\"\" class=\"wp-image-29094\" srcset=\"https:\/\/agora.xtec.cat\/iesantanna-premiadedalt\/wp-content\/uploads\/usu517\/2026\/03\/WhatsApp-Image-2026-03-03-at-18.48.07-5-769x1024.jpeg 769w, https:\/\/agora.xtec.cat\/iesantanna-premiadedalt\/wp-content\/uploads\/usu517\/2026\/03\/WhatsApp-Image-2026-03-03-at-18.48.07-5-225x300.jpeg 225w, https:\/\/agora.xtec.cat\/iesantanna-premiadedalt\/wp-content\/uploads\/usu517\/2026\/03\/WhatsApp-Image-2026-03-03-at-18.48.07-5-768x1023.jpeg 768w, https:\/\/agora.xtec.cat\/iesantanna-premiadedalt\/wp-content\/uploads\/usu517\/2026\/03\/WhatsApp-Image-2026-03-03-at-18.48.07-5-1153x1536.jpeg 1153w, https:\/\/agora.xtec.cat\/iesantanna-premiadedalt\/wp-content\/uploads\/usu517\/2026\/03\/WhatsApp-Image-2026-03-03-at-18.48.07-5.jpeg 1201w\" sizes=\"auto, (max-width: 769px) 100vw, 769px\" \/><\/a><\/figure>\n\n\n\n<p>Al migdia, han compartit una estona distesa al voltant d\u2019un \u00e0pat informal \u2014pizza inclosa!\u2014 que ha servit per continuar practicant idiomes i enfortir els vincles entre tots els participants.<\/p>\n\n\n\n<p>A la tarda, el grup ha fet una passejada per Brauweiler, descobrint els racons d\u2019aquest encantador poble i gaudint d\u2019un entorn diferent del seu dia a dia.<\/p>\n\n\n\n<figure class=\"wp-block-image size-large\"><a href=\"https:\/\/agora.xtec.cat\/iesantanna-premiadedalt\/wp-content\/uploads\/usu517\/2026\/03\/WhatsApp-Image-2026-03-03-at-18.48.10-1.jpeg\"><img loading=\"lazy\" decoding=\"async\" width=\"1024\" height=\"769\" src=\"https:\/\/agora.xtec.cat\/iesantanna-premiadedalt\/wp-content\/uploads\/usu517\/2026\/03\/WhatsApp-Image-2026-03-03-at-18.48.10-1-1024x769.jpeg\" alt=\"\" class=\"wp-image-29095\" srcset=\"https:\/\/agora.xtec.cat\/iesantanna-premiadedalt\/wp-content\/uploads\/usu517\/2026\/03\/WhatsApp-Image-2026-03-03-at-18.48.10-1-1024x769.jpeg 1024w, https:\/\/agora.xtec.cat\/iesantanna-premiadedalt\/wp-content\/uploads\/usu517\/2026\/03\/WhatsApp-Image-2026-03-03-at-18.48.10-1-300x225.jpeg 300w, https:\/\/agora.xtec.cat\/iesantanna-premiadedalt\/wp-content\/uploads\/usu517\/2026\/03\/WhatsApp-Image-2026-03-03-at-18.48.10-1-768x576.jpeg 768w, https:\/\/agora.xtec.cat\/iesantanna-premiadedalt\/wp-content\/uploads\/usu517\/2026\/03\/WhatsApp-Image-2026-03-03-at-18.48.10-1-1536x1153.jpeg 1536w, https:\/\/agora.xtec.cat\/iesantanna-premiadedalt\/wp-content\/uploads\/usu517\/2026\/03\/WhatsApp-Image-2026-03-03-at-18.48.10-1.jpeg 1600w\" sizes=\"auto, (max-width: 1024px) 100vw, 1024px\" \/><\/a><\/figure>\n\n\n\n<p>Aquestes primeres hores ja ens han demostrat que l\u2019experi\u00e8ncia promet ser inoblidable. I aix\u00f2 nom\u00e9s acaba de comen\u00e7ar!<\/p>\n\n\n\n\n\n<hr class=\"wp-block-separator has-alpha-channel-opacity\"\/>\n\n\n\n<p><strong>Castellano<\/strong><\/p>\n\n\n\n<p>Tras la llegada de ayer a Colonia, hoy nuestros alumnos han vivido una primera jornada llena de emociones y nuevos descubrimientos. Por la ma\u00f1ana han visitado el centro educativo de acogida, donde han podido conocer a sus compa\u00f1eros alemanes y empezar a romper el hielo mediante distintas actividades de presentaci\u00f3n. Juegos, din\u00e1micas de grupo y muchas sonrisas han creado un ambiente muy positivo desde el inicio.<\/p>\n\n\n\n<p>A mediod\u00eda, han compartido un rato agradable alrededor de una comida informal \u2014\u00a1con pizza incluida!\u2014 que ha servido para seguir practicando idiomas y estrechar lazos.<\/p>\n\n\n\n<p>Por la tarde, el grupo ha paseado por Brauweiler, descubriendo este bonito pueblo y disfrutando de un entorno diferente.<\/p>\n\n\n\n<p>Estas primeras experiencias ya nos hacen ver que ser\u00e1 un viaje inolvidable. \u00a1Y esto no ha hecho m\u00e1s que empezar!<\/p>\n","protected":false},"excerpt":{"rendered":"<p>Catal\u00e0 Despr\u00e9s de l\u2019arribada d\u2019ahir a Col\u00f2nia, avui els nostres alumnes han viscut una primera jornada plena d\u2019emocions i descobertes. Al mat\u00ed han visitat l\u2019escola d\u2019acollida, on han pogut con\u00e8ixer els seus companys alemanys i comen\u00e7ar a trencar el gel amb diverses activitats de coneixen\u00e7a. Din\u00e0miques divertides, jocs en grup i molta complicitat han ajudat [&hellip;]<\/p>\n","protected":false},"author":81,"featured_media":29071,"comment_status":"open","ping_status":"open","sticky":false,"template":"","format":"standard","meta":{"_bbp_topic_count":0,"_bbp_reply_count":0,"_bbp_total_topic_count":0,"_bbp_total_reply_count":0,"_bbp_voice_count":0,"_bbp_anonymous_reply_count":0,"_bbp_topic_count_hidden":0,"_bbp_reply_count_hidden":0,"_bbp_forum_subforum_count":0,"site-sidebar-layout":"default","site-content-layout":"","ast-site-content-layout":"default","site-content-style":"default","site-sidebar-style":"default","ast-global-header-display":"","ast-banner-title-visibility":"","ast-main-header-display":"","ast-hfb-above-header-display":"","ast-hfb-below-header-display":"","ast-hfb-mobile-header-display":"","site-post-title":"","ast-breadcrumbs-content":"","ast-featured-img":"","footer-sml-layout":"","theme-transparent-header-meta":"","adv-header-id-meta":"","stick-header-meta":"","header-above-stick-meta":"","header-main-stick-meta":"","header-below-stick-meta":"","astra-migrate-meta-layouts":"set","ast-page-background-enabled":"default","ast-page-background-meta":{"desktop":{"background-color":"var(--ast-global-color-4)","background-image":"","background-repeat":"repeat","background-position":"center center","background-size":"auto","background-attachment":"scroll","background-type":"","background-media":"","overlay-type":"","overlay-color":"","overlay-opacity":"","overlay-gradient":""},"tablet":{"background-color":"","background-image":"","background-repeat":"repeat","background-position":"center center","background-size":"auto","background-attachment":"scroll","background-type":"","background-media":"","overlay-type":"","overlay-color":"","overlay-opacity":"","overlay-gradient":""},"mobile":{"background-color":"","background-image":"","background-repeat":"repeat","background-position":"center center","background-size":"auto","background-attachment":"scroll","background-type":"","background-media":"","overlay-type":"","overlay-color":"","overlay-opacity":"","overlay-gradient":""}},"ast-content-background-meta":{"desktop":{"background-color":"var(--ast-global-color-5)","background-image":"","background-repeat":"repeat","background-position":"center center","background-size":"auto","background-attachment":"scroll","background-type":"","background-media":"","overlay-type":"","overlay-color":"","overlay-opacity":"","overlay-gradient":""},"tablet":{"background-color":"var(--ast-global-color-5)","background-image":"","background-repeat":"repeat","background-position":"center center","background-size":"auto","background-attachment":"scroll","background-type":"","background-media":"","overlay-type":"","overlay-color":"","overlay-opacity":"","overlay-gradient":""},"mobile":{"background-color":"var(--ast-global-color-5)","background-image":"","background-repeat":"repeat","background-position":"center center","background-size":"auto","background-attachment":"scroll","background-type":"","background-media":"","overlay-type":"","overlay-color":"","overlay-opacity":"","overlay-gradient":""}},"footnotes":""},"categories":[13,615,607,1,4,249,380],"tags":[621,213,576],"class_list":["post-29060","post","type-post","status-publish","format-standard","has-post-thumbnail","hentry","category-4t-eso","category-erasmus","category-erasmus-students-mobilities","category-general","category-portada","category-promocio-2013-26","category-secundaria","tag-alemany","tag-erasmus","tag-erasmus-students"],"post_mailing_queue_ids":[],"_links":{"self":[{"href":"https:\/\/agora.xtec.cat\/iesantanna-premiadedalt\/wp-json\/wp\/v2\/posts\/29060","targetHints":{"allow":["GET"]}}],"collection":[{"href":"https:\/\/agora.xtec.cat\/iesantanna-premiadedalt\/wp-json\/wp\/v2\/posts"}],"about":[{"href":"https:\/\/agora.xtec.cat\/iesantanna-premiadedalt\/wp-json\/wp\/v2\/types\/post"}],"author":[{"embeddable":true,"href":"https:\/\/agora.xtec.cat\/iesantanna-premiadedalt\/wp-json\/wp\/v2\/users\/81"}],"replies":[{"embeddable":true,"href":"https:\/\/agora.xtec.cat\/iesantanna-premiadedalt\/wp-json\/wp\/v2\/comments?post=29060"}],"version-history":[{"count":6,"href":"https:\/\/agora.xtec.cat\/iesantanna-premiadedalt\/wp-json\/wp\/v2\/posts\/29060\/revisions"}],"predecessor-version":[{"id":29096,"href":"https:\/\/agora.xtec.cat\/iesantanna-premiadedalt\/wp-json\/wp\/v2\/posts\/29060\/revisions\/29096"}],"wp:featuredmedia":[{"embeddable":true,"href":"https:\/\/agora.xtec.cat\/iesantanna-premiadedalt\/wp-json\/wp\/v2\/media\/29071"}],"wp:attachment":[{"href":"https:\/\/agora.xtec.cat\/iesantanna-premiadedalt\/wp-json\/wp\/v2\/media?parent=29060"}],"wp:term":[{"taxonomy":"category","embeddable":true,"href":"https:\/\/agora.xtec.cat\/iesantanna-premiadedalt\/wp-json\/wp\/v2\/categories?post=29060"},{"taxonomy":"post_tag","embeddable":true,"href":"https:\/\/agora.xtec.cat\/iesantanna-premiadedalt\/wp-json\/wp\/v2\/tags?post=29060"}],"curies":[{"name":"wp","href":"https:\/\/api.w.org\/{rel}","templated":true}]}}