{"id":28578,"date":"2026-01-16T15:14:09","date_gmt":"2026-01-16T14:14:09","guid":{"rendered":"https:\/\/agora.xtec.cat\/iesantanna-premiadedalt\/?p=28578"},"modified":"2026-02-06T07:57:59","modified_gmt":"2026-02-06T06:57:59","slug":"arrenca-el-tour-de-mates","status":"publish","type":"post","link":"https:\/\/agora.xtec.cat\/iesantanna-premiadedalt\/portada\/arrenca-el-tour-de-mates\/","title":{"rendered":"Arrenca el Tour de Mates!"},"content":{"rendered":"<p data-start=\"239\" data-end=\"498\"><a href=\"https:\/\/agora.xtec.cat\/iesantanna-premiadedalt\/wp-content\/uploads\/usu517\/2026\/01\/CalculMental.png\"><img loading=\"lazy\" decoding=\"async\" class=\"aligncenter size-full wp-image-28581\" src=\"https:\/\/agora.xtec.cat\/iesantanna-premiadedalt\/wp-content\/uploads\/usu517\/2026\/01\/CalculMental.png\" alt=\"\" width=\"793\" height=\"592\" srcset=\"https:\/\/agora.xtec.cat\/iesantanna-premiadedalt\/wp-content\/uploads\/usu517\/2026\/01\/CalculMental.png 793w, https:\/\/agora.xtec.cat\/iesantanna-premiadedalt\/wp-content\/uploads\/usu517\/2026\/01\/CalculMental-300x224.png 300w, https:\/\/agora.xtec.cat\/iesantanna-premiadedalt\/wp-content\/uploads\/usu517\/2026\/01\/CalculMental-768x573.png 768w, https:\/\/agora.xtec.cat\/iesantanna-premiadedalt\/wp-content\/uploads\/usu517\/2026\/01\/CalculMental-200x150.png 200w\" sizes=\"auto, (max-width: 793px) 100vw, 793px\" \/><\/a><\/p>\n<p data-start=\"239\" data-end=\"498\">Aquesta setmana hem donat el tret de sortida a una nova edici\u00f3 del <a href=\"https:\/\/eltourdemates.wordpress.com\/etapas-25-26\/\"><strong data-start=\"339\" data-end=\"356\">Tour de Mates<\/strong><\/a>, una proposta din\u00e0mica i engrescadora que transforma les classes de matem\u00e0tiques en una aut\u00e8ntica volta ciclista\u2026 per\u00f2 del c\u00e0lcul mental!<\/p>\n<p data-start=\"500\" data-end=\"860\">Durant cinc setmanes, l\u2019alumnat de primer i segon d\u2019ESO participar\u00e0 en aquest concurs on aniran superant diferents etapes. Durant cinc minuts treballarem i practicarem estrat\u00e8gies de c\u00e0lcul mental amb l\u2019objectiu de guanyar agilitat, seguretat i confian\u00e7a a l\u2019hora de calcular mentalment. Estem segurs que participant-hi i entrenant una mica setmana a setmana, tots i totes podem millorar.<\/p>\n","protected":false},"excerpt":{"rendered":"<p>Aquesta setmana hem donat el tret de sortida a una nova edici\u00f3 del Tour de Mates, una proposta din\u00e0mica i engrescadora que transforma les classes de matem\u00e0tiques en una aut\u00e8ntica volta ciclista\u2026 per\u00f2 del c\u00e0lcul mental! Durant cinc setmanes, l\u2019alumnat de primer i segon d\u2019ESO participar\u00e0 en aquest concurs on aniran superant diferents etapes. Durant [&hellip;]<\/p>\n","protected":false},"author":76,"featured_media":28579,"comment_status":"open","ping_status":"open","sticky":false,"template":"","format":"standard","meta":{"_bbp_topic_count":0,"_bbp_reply_count":0,"_bbp_total_topic_count":0,"_bbp_total_reply_count":0,"_bbp_voice_count":0,"_bbp_anonymous_reply_count":0,"_bbp_topic_count_hidden":0,"_bbp_reply_count_hidden":0,"_bbp_forum_subforum_count":0,"site-sidebar-layout":"default","site-content-layout":"","ast-site-content-layout":"default","site-content-style":"default","site-sidebar-style":"default","ast-global-header-display":"","ast-banner-title-visibility":"","ast-main-header-display":"","ast-hfb-above-header-display":"","ast-hfb-below-header-display":"","ast-hfb-mobile-header-display":"","site-post-title":"","ast-breadcrumbs-content":"","ast-featured-img":"","footer-sml-layout":"","theme-transparent-header-meta":"","adv-header-id-meta":"","stick-header-meta":"","header-above-stick-meta":"","header-main-stick-meta":"","header-below-stick-meta":"","astra-migrate-meta-layouts":"set","ast-page-background-enabled":"default","ast-page-background-meta":{"desktop":{"background-color":"var(--ast-global-color-4)","background-image":"","background-repeat":"repeat","background-position":"center center","background-size":"auto","background-attachment":"scroll","background-type":"","background-media":"","overlay-type":"","overlay-color":"","overlay-opacity":"","overlay-gradient":""},"tablet":{"background-color":"","background-image":"","background-repeat":"repeat","background-position":"center center","background-size":"auto","background-attachment":"scroll","background-type":"","background-media":"","overlay-type":"","overlay-color":"","overlay-opacity":"","overlay-gradient":""},"mobile":{"background-color":"","background-image":"","background-repeat":"repeat","background-position":"center center","background-size":"auto","background-attachment":"scroll","background-type":"","background-media":"","overlay-type":"","overlay-color":"","overlay-opacity":"","overlay-gradient":""}},"ast-content-background-meta":{"desktop":{"background-color":"var(--ast-global-color-5)","background-image":"","background-repeat":"repeat","background-position":"center center","background-size":"auto","background-attachment":"scroll","background-type":"","background-media":"","overlay-type":"","overlay-color":"","overlay-opacity":"","overlay-gradient":""},"tablet":{"background-color":"var(--ast-global-color-5)","background-image":"","background-repeat":"repeat","background-position":"center center","background-size":"auto","background-attachment":"scroll","background-type":"","background-media":"","overlay-type":"","overlay-color":"","overlay-opacity":"","overlay-gradient":""},"mobile":{"background-color":"var(--ast-global-color-5)","background-image":"","background-repeat":"repeat","background-position":"center center","background-size":"auto","background-attachment":"scroll","background-type":"","background-media":"","overlay-type":"","overlay-color":"","overlay-opacity":"","overlay-gradient":""}},"footnotes":""},"categories":[419,11,618,4,251,252,593],"tags":[362,435,409],"class_list":["post-28578","post","type-post","status-publish","format-standard","has-post-thumbnail","hentry","category-1r-eso","category-2n-eso","category-matematiques","category-portada","category-promocio-2015-28","category-promocio-2016-29","category-stem","tag-1r-eso","tag-2n-eso","tag-secundaria"],"post_mailing_queue_ids":[],"_links":{"self":[{"href":"https:\/\/agora.xtec.cat\/iesantanna-premiadedalt\/wp-json\/wp\/v2\/posts\/28578","targetHints":{"allow":["GET"]}}],"collection":[{"href":"https:\/\/agora.xtec.cat\/iesantanna-premiadedalt\/wp-json\/wp\/v2\/posts"}],"about":[{"href":"https:\/\/agora.xtec.cat\/iesantanna-premiadedalt\/wp-json\/wp\/v2\/types\/post"}],"author":[{"embeddable":true,"href":"https:\/\/agora.xtec.cat\/iesantanna-premiadedalt\/wp-json\/wp\/v2\/users\/76"}],"replies":[{"embeddable":true,"href":"https:\/\/agora.xtec.cat\/iesantanna-premiadedalt\/wp-json\/wp\/v2\/comments?post=28578"}],"version-history":[{"count":5,"href":"https:\/\/agora.xtec.cat\/iesantanna-premiadedalt\/wp-json\/wp\/v2\/posts\/28578\/revisions"}],"predecessor-version":[{"id":28997,"href":"https:\/\/agora.xtec.cat\/iesantanna-premiadedalt\/wp-json\/wp\/v2\/posts\/28578\/revisions\/28997"}],"wp:featuredmedia":[{"embeddable":true,"href":"https:\/\/agora.xtec.cat\/iesantanna-premiadedalt\/wp-json\/wp\/v2\/media\/28579"}],"wp:attachment":[{"href":"https:\/\/agora.xtec.cat\/iesantanna-premiadedalt\/wp-json\/wp\/v2\/media?parent=28578"}],"wp:term":[{"taxonomy":"category","embeddable":true,"href":"https:\/\/agora.xtec.cat\/iesantanna-premiadedalt\/wp-json\/wp\/v2\/categories?post=28578"},{"taxonomy":"post_tag","embeddable":true,"href":"https:\/\/agora.xtec.cat\/iesantanna-premiadedalt\/wp-json\/wp\/v2\/tags?post=28578"}],"curies":[{"name":"wp","href":"https:\/\/api.w.org\/{rel}","templated":true}]}}