{"id":26844,"date":"2024-06-29T09:56:36","date_gmt":"2024-06-29T07:56:36","guid":{"rendered":"https:\/\/agora.xtec.cat\/iesantanna-premiadedalt\/?p=26844"},"modified":"2026-02-04T20:19:15","modified_gmt":"2026-02-04T19:19:15","slug":"participem-al-projecte-amics-per-carta-aula-dacollida","status":"publish","type":"post","link":"https:\/\/agora.xtec.cat\/iesantanna-premiadedalt\/portada\/participem-al-projecte-amics-per-carta-aula-dacollida\/","title":{"rendered":"Participem al projecte \u201cAmics per carta\u201d &#8211; Aula d&#8217;acollida"},"content":{"rendered":"<p><span style=\"color: #0000ff;\"><strong>1a EDICI\u00d3 del Projecte \u201cAmics per ca<\/strong><strong>rta\u201d del Seminari d\u2019Aules d\u2019Acollida del Baix Ma<\/strong><strong>resme<\/strong><\/span><\/p>\n<p class=\"gmail_default\">Aquest curs les tutores i tutors de les aules d\u2019acollida de la zona del Baix Maresme han sembrat la llavor d\u2019un projecte com\u00fa anomenat &#8220;Amics per carta&#8221;.<\/p>\n<p class=\"gmail_default\">Podeu veure la publicaci\u00f3 que en va fer Premi\u00e0 Media del projecte <a href=\"https:\/\/premiamedia.cat\/professors-i-alumnes-de-laula-dacollida-de-premia-de-mar-encantats-amb-la-primera-edicio-de-lamics-per-carta\/\"><em><strong>Amics per carta.<\/strong><\/em><\/a><\/p>\n<p class=\"gmail_default\">Aquest projecte va ser\u00a0 ideat en el marc del Seminari d\u2019acompanyament i seguiment d\u2019Aules d&#8217;Acollida del Baix Maresme.<\/p>\n<p class=\"gmail_default\">Hi han participat <strong>5<\/strong> centres educatius de la zona: lnstitut Pere Ribot de Vilassar de Mar, Institut Mediterr\u00e0nia del Masnou, Institut Premi\u00e0 de Mar, Institut d\u2019Argentona i <strong>Institut Escola Santa Anna de Premi\u00e0 de Dalt.<\/strong><\/p>\n<p>La mestra <strong>Ana Cobacho<\/strong> ha estat la tutora de l&#8217;aula d&#8217;acollida i \u00e9s la persona que ha liderat el projecte al nostre centre.<\/p>\n<p class=\"gmail_default\">En acabar el curs, el\u00a0<a href=\"https:\/\/agora.xtec.cat\/inspm\/general\/trobada-a-la-platja-amb-els-amics-per-carta-de-laula-dacollida\/\">Projecte Amics per carta<\/a>\u00a0va finalitzar aquesta 1a edici\u00f3 el 22 de maig passat, amb una trobada presencial a la platja de Premi\u00e0 de Mar dels 70 alumnes que hi han participat.<\/p>\n<p><a href=\"https:\/\/agora.xtec.cat\/iesantanna-premiadedalt\/wp-content\/uploads\/usu517\/2024\/06\/foto-amics-per-carta.jpg\"><img loading=\"lazy\" decoding=\"async\" class=\"aligncenter size-large wp-image-26847\" src=\"https:\/\/agora.xtec.cat\/iesantanna-premiadedalt\/wp-content\/uploads\/usu517\/2024\/06\/foto-amics-per-carta-1024x514.jpg\" alt=\"\" width=\"1024\" height=\"514\" srcset=\"https:\/\/agora.xtec.cat\/iesantanna-premiadedalt\/wp-content\/uploads\/usu517\/2024\/06\/foto-amics-per-carta-1024x514.jpg 1024w, https:\/\/agora.xtec.cat\/iesantanna-premiadedalt\/wp-content\/uploads\/usu517\/2024\/06\/foto-amics-per-carta-300x151.jpg 300w, https:\/\/agora.xtec.cat\/iesantanna-premiadedalt\/wp-content\/uploads\/usu517\/2024\/06\/foto-amics-per-carta-768x386.jpg 768w, https:\/\/agora.xtec.cat\/iesantanna-premiadedalt\/wp-content\/uploads\/usu517\/2024\/06\/foto-amics-per-carta.jpg 1179w\" sizes=\"auto, (max-width: 1024px) 100vw, 1024px\" \/><\/a><\/p>\n<p>Dos alumnes de la nostra aula d&#8217;acollida tamb\u00e9 van participar en el Certamen de Lectura en Veu Alta d&#8217;aquest any 2024. Aqu\u00ed en teniu una fotografia:<\/p>\n<p><a href=\"https:\/\/agora.xtec.cat\/iesantanna-premiadedalt\/wp-content\/uploads\/usu517\/2024\/06\/WhatsApp-Image-2024-03-12-at-17.03.00-2.jpeg\"><img loading=\"lazy\" decoding=\"async\" class=\"aligncenter size-large wp-image-26846\" src=\"https:\/\/agora.xtec.cat\/iesantanna-premiadedalt\/wp-content\/uploads\/usu517\/2024\/06\/WhatsApp-Image-2024-03-12-at-17.03.00-2-1024x768.jpeg\" alt=\"\" width=\"1024\" height=\"768\" srcset=\"https:\/\/agora.xtec.cat\/iesantanna-premiadedalt\/wp-content\/uploads\/usu517\/2024\/06\/WhatsApp-Image-2024-03-12-at-17.03.00-2-1024x768.jpeg 1024w, https:\/\/agora.xtec.cat\/iesantanna-premiadedalt\/wp-content\/uploads\/usu517\/2024\/06\/WhatsApp-Image-2024-03-12-at-17.03.00-2-300x225.jpeg 300w, https:\/\/agora.xtec.cat\/iesantanna-premiadedalt\/wp-content\/uploads\/usu517\/2024\/06\/WhatsApp-Image-2024-03-12-at-17.03.00-2-768x576.jpeg 768w, https:\/\/agora.xtec.cat\/iesantanna-premiadedalt\/wp-content\/uploads\/usu517\/2024\/06\/WhatsApp-Image-2024-03-12-at-17.03.00-2-1536x1152.jpeg 1536w, https:\/\/agora.xtec.cat\/iesantanna-premiadedalt\/wp-content\/uploads\/usu517\/2024\/06\/WhatsApp-Image-2024-03-12-at-17.03.00-2-200x150.jpeg 200w, https:\/\/agora.xtec.cat\/iesantanna-premiadedalt\/wp-content\/uploads\/usu517\/2024\/06\/WhatsApp-Image-2024-03-12-at-17.03.00-2.jpeg 1600w\" sizes=\"auto, (max-width: 1024px) 100vw, 1024px\" \/><\/a><\/p>\n<div class=\"gmail_default\">Podeu visualitzar les publicacions sobre l&#8217;aula d&#8217;acollida del Servei Educatiu del Baix Maresme en aquests enlla\u00e7os:<\/div>\n<div><\/div>\n<div class=\"addtoany_share_save_container addtoany_content addtoany_content_bottom\">\n<div class=\"a2a_kit a2a_kit_size_25 addtoany_list\" data-a2a-url=\"https:\/\/serveiseducatius.xtec.cat\/baixmaresme\/general\/1a-edicio-del-projecte-amics-per-carta-del-seminari-daa-del-baix-maresme\/\" data-a2a-title=\"1a Edici\u00f3 del Projecte \u201cAmics per carta\u201d del Seminari d\u2019AA del Baix Maresme\"><a class=\"a2a_button_facebook\" title=\"Facebook\" href=\"https:\/\/serveiseducatius.xtec.cat\/#facebook\" target=\"_blank\" rel=\"nofollow noopener\"><span class=\"a2a_label\">Facebook <\/span><\/a><a class=\"a2a_button_twitter\" title=\"Twitter\" href=\"https:\/\/serveiseducatius.xtec.cat\/#twitter\" target=\"_blank\" rel=\"nofollow noopener\"><span class=\"a2a_label\">Twitter\u00a0<\/span><\/a><\/div>\n<\/div>\n","protected":false},"excerpt":{"rendered":"<p>1a EDICI\u00d3 del Projecte \u201cAmics per carta\u201d del Seminari d\u2019Aules d\u2019Acollida del Baix Maresme Aquest curs les tutores i tutors de les aules d\u2019acollida de la zona del Baix Maresme han sembrat la llavor d\u2019un projecte com\u00fa anomenat &#8220;Amics per carta&#8221;. Podeu veure la publicaci\u00f3 que en va fer Premi\u00e0 Media del projecte Amics per [&hellip;]<\/p>\n","protected":false},"author":1,"featured_media":26845,"comment_status":"closed","ping_status":"closed","sticky":false,"template":"","format":"standard","meta":{"_bbp_topic_count":0,"_bbp_reply_count":0,"_bbp_total_topic_count":0,"_bbp_total_reply_count":0,"_bbp_voice_count":0,"_bbp_anonymous_reply_count":0,"_bbp_topic_count_hidden":0,"_bbp_reply_count_hidden":0,"_bbp_forum_subforum_count":0,"site-sidebar-layout":"default","site-content-layout":"","ast-site-content-layout":"","site-content-style":"default","site-sidebar-style":"default","ast-global-header-display":"","ast-banner-title-visibility":"","ast-main-header-display":"","ast-hfb-above-header-display":"","ast-hfb-below-header-display":"","ast-hfb-mobile-header-display":"","site-post-title":"","ast-breadcrumbs-content":"","ast-featured-img":"","footer-sml-layout":"","theme-transparent-header-meta":"","adv-header-id-meta":"","stick-header-meta":"","header-above-stick-meta":"","header-main-stick-meta":"","header-below-stick-meta":"","astra-migrate-meta-layouts":"default","ast-page-background-enabled":"default","ast-page-background-meta":{"desktop":{"background-color":"var(--ast-global-color-4)","background-image":"","background-repeat":"repeat","background-position":"center center","background-size":"auto","background-attachment":"scroll","background-type":"","background-media":"","overlay-type":"","overlay-color":"","overlay-opacity":"","overlay-gradient":""},"tablet":{"background-color":"","background-image":"","background-repeat":"repeat","background-position":"center center","background-size":"auto","background-attachment":"scroll","background-type":"","background-media":"","overlay-type":"","overlay-color":"","overlay-opacity":"","overlay-gradient":""},"mobile":{"background-color":"","background-image":"","background-repeat":"repeat","background-position":"center center","background-size":"auto","background-attachment":"scroll","background-type":"","background-media":"","overlay-type":"","overlay-color":"","overlay-opacity":"","overlay-gradient":""}},"ast-content-background-meta":{"desktop":{"background-color":"var(--ast-global-color-5)","background-image":"","background-repeat":"repeat","background-position":"center center","background-size":"auto","background-attachment":"scroll","background-type":"","background-media":"","overlay-type":"","overlay-color":"","overlay-opacity":"","overlay-gradient":""},"tablet":{"background-color":"var(--ast-global-color-5)","background-image":"","background-repeat":"repeat","background-position":"center center","background-size":"auto","background-attachment":"scroll","background-type":"","background-media":"","overlay-type":"","overlay-color":"","overlay-opacity":"","overlay-gradient":""},"mobile":{"background-color":"var(--ast-global-color-5)","background-image":"","background-repeat":"repeat","background-position":"center center","background-size":"auto","background-attachment":"scroll","background-type":"","background-media":"","overlay-type":"","overlay-color":"","overlay-opacity":"","overlay-gradient":""}},"footnotes":""},"categories":[619,297,4],"tags":[515,517,512,516,367,409],"class_list":["post-26844","post","type-post","status-publish","format-standard","has-post-thumbnail","hentry","category-ambit-linguistica","category-ed-inclusiva","category-portada","tag-acollida","tag-amics-per-carta","tag-aula-dacollida","tag-clva","tag-primaria","tag-secundaria"],"post_mailing_queue_ids":[],"_links":{"self":[{"href":"https:\/\/agora.xtec.cat\/iesantanna-premiadedalt\/wp-json\/wp\/v2\/posts\/26844","targetHints":{"allow":["GET"]}}],"collection":[{"href":"https:\/\/agora.xtec.cat\/iesantanna-premiadedalt\/wp-json\/wp\/v2\/posts"}],"about":[{"href":"https:\/\/agora.xtec.cat\/iesantanna-premiadedalt\/wp-json\/wp\/v2\/types\/post"}],"author":[{"embeddable":true,"href":"https:\/\/agora.xtec.cat\/iesantanna-premiadedalt\/wp-json\/wp\/v2\/users\/1"}],"replies":[{"embeddable":true,"href":"https:\/\/agora.xtec.cat\/iesantanna-premiadedalt\/wp-json\/wp\/v2\/comments?post=26844"}],"version-history":[{"count":1,"href":"https:\/\/agora.xtec.cat\/iesantanna-premiadedalt\/wp-json\/wp\/v2\/posts\/26844\/revisions"}],"predecessor-version":[{"id":26848,"href":"https:\/\/agora.xtec.cat\/iesantanna-premiadedalt\/wp-json\/wp\/v2\/posts\/26844\/revisions\/26848"}],"wp:featuredmedia":[{"embeddable":true,"href":"https:\/\/agora.xtec.cat\/iesantanna-premiadedalt\/wp-json\/wp\/v2\/media\/26845"}],"wp:attachment":[{"href":"https:\/\/agora.xtec.cat\/iesantanna-premiadedalt\/wp-json\/wp\/v2\/media?parent=26844"}],"wp:term":[{"taxonomy":"category","embeddable":true,"href":"https:\/\/agora.xtec.cat\/iesantanna-premiadedalt\/wp-json\/wp\/v2\/categories?post=26844"},{"taxonomy":"post_tag","embeddable":true,"href":"https:\/\/agora.xtec.cat\/iesantanna-premiadedalt\/wp-json\/wp\/v2\/tags?post=26844"}],"curies":[{"name":"wp","href":"https:\/\/api.w.org\/{rel}","templated":true}]}}