{"id":26517,"date":"2024-03-15T14:19:19","date_gmt":"2024-03-15T13:19:19","guid":{"rendered":"https:\/\/agora.xtec.cat\/iesantanna-premiadedalt\/?p=26517"},"modified":"2026-01-30T12:10:47","modified_gmt":"2026-01-30T11:10:47","slug":"erasmus-perugia-dia-3-i-4","status":"publish","type":"post","link":"https:\/\/agora.xtec.cat\/iesantanna-premiadedalt\/secundaria\/3r-eso\/erasmus-perugia-dia-3-i-4\/","title":{"rendered":"ERASMUS PERUGIA &#8211; DIA 3 I 4"},"content":{"rendered":"<p>DIARI DE VIATGE ERASMUS Perugia &#8217;24<\/p>\n<p>DIA 3:<\/p>\n<p>El tercer dia, ens vam tornar a aixecar aviat com sempre, per ser puntual\u00edssims a l&#8217;escola. All\u00e0 ens vam intercanviar les activitats que els dos grups hav\u00edem fet el dia anterior.<\/p>\n<p>El grup de la professora Francesca va fer classes d&#8217;itali\u00e0, angl\u00e8s i un taller sobre el canvi clim\u00e0tic, que ens va aportar encara m\u00e9s coneixements sobre aquest.<\/p>\n<p>En canvi, el grup de la professora Chiara, va baixar al centre de Perugia amb el fam\u00f3s minimetro, i va visitar la fortalesa medieval de Perugia. A continuaci\u00f3 vam gaudir del bon temps itali\u00e0 i vam poder fer una meravellosa ginkama pel centre medieval.<\/p>\n<p>Al finalitzar el dia, tots vam anar a dinar (que gana no faltava) i vam poder gaudir de les nostres tardes italianes amb les nostres fam\u00edlies d&#8217;acollida.<\/p>\n<p>DIA 4:<\/p>\n<p>El dia el vam comen\u00e7ar anant cap el poble de Solomeo, all\u00e0, la fam\u00edlia <em>Cucinelli<\/em> ens va obrir les portes de casa seva.<\/p>\n<p>Ens van explicar tota la seva historia des qu\u00e8 va ser fundada la seva empresa de roba exclusiva i feta artesanalment. Vam visitar la biblioteca, el teatre, l&#8217;escola-taller de sastre, les vinyes, etc. Posteriorment, vam fer sessi\u00f3 esportiva amb diferents monitors i diferents tipus d&#8217;esport-jocs; va ser una molt bona experi\u00e8ncia de cohesi\u00f3 i coneixement entre tots\/es que es va gaudir minut a minut.<\/p>\n<p>Despr\u00e9s d&#8217;agafar forces amb menjar itali\u00e0, els nostres Hostes ens van sorprendre amb un GOT TALENT (el qual ens va emocionar de tan de talent que ens van mostrar)<\/p>\n<p>Deixem <a href=\"https:\/\/photos.app.goo.gl\/uzzqD5FTUdkfL43J8\">algunes fotografies dels<\/a> dos dies perqu\u00e8 pugueu observar quina quantitat d&#8217;activitats que estem vivint.<\/p>\n<p>&nbsp;<\/p>\n<p><a href=\"https:\/\/agora.xtec.cat\/iesantanna-premiadedalt\/wp-content\/uploads\/usu517\/2024\/03\/20240313_111622.jpg\"><img loading=\"lazy\" decoding=\"async\" class=\"alignnone size-large wp-image-26523\" src=\"https:\/\/agora.xtec.cat\/iesantanna-premiadedalt\/wp-content\/uploads\/usu517\/2024\/03\/20240313_111622-1024x576.jpg\" alt=\"\" width=\"1024\" height=\"576\" srcset=\"https:\/\/agora.xtec.cat\/iesantanna-premiadedalt\/wp-content\/uploads\/usu517\/2024\/03\/20240313_111622-1024x576.jpg 1024w, https:\/\/agora.xtec.cat\/iesantanna-premiadedalt\/wp-content\/uploads\/usu517\/2024\/03\/20240313_111622-300x169.jpg 300w, https:\/\/agora.xtec.cat\/iesantanna-premiadedalt\/wp-content\/uploads\/usu517\/2024\/03\/20240313_111622-768x432.jpg 768w, https:\/\/agora.xtec.cat\/iesantanna-premiadedalt\/wp-content\/uploads\/usu517\/2024\/03\/20240313_111622.jpg 1491w\" sizes=\"auto, (max-width: 1024px) 100vw, 1024px\" \/><\/a><\/p>\n<p><span style=\"font-family: tahoma, arial, helvetica, sans-serif;\"><em><strong>Diario de viaje Erasmus Perugia &#8216; 24<\/strong><\/em><\/span><\/p>\n<p><span style=\"font-family: tahoma, arial, helvetica, sans-serif;\"><em>D\u00eda 3:\u00a0Al tercer d\u00eda, nos levantamos temprano como de costumbre, para ser muy puntuales en la escuela. All\u00ed intercambiamos las actividades que los dos grupos hab\u00edan realizado el d\u00eda anterior.<\/em><\/span><\/p>\n<p><span style=\"font-family: tahoma, arial, helvetica, sans-serif;\"><em>El grupo de la profesora Francesca dio clases de italiano, ingl\u00e9s y un taller sobre cambio clim\u00e1tico, lo que nos dio a\u00fan m\u00e1s conocimiento al respecto.<\/em><\/span><\/p>\n<p><span style=\"font-family: tahoma, arial, helvetica, sans-serif;\"><em>En cambio, el grupo de la profesora Chiara descendi\u00f3 al centro de Perugia con el famoso minimetro y visit\u00f3 la fortaleza medieval de Perugia. Luego disfrutamos del buen clima italiano y pudimos hacer una maravillosa ginebra mgama por el centro medieval.<\/em><\/span><\/p>\n<p><span style=\"font-family: tahoma, arial, helvetica, sans-serif;\"><em>Al final del d\u00eda, fuimos todos a almorzar (que hambre no faltaba) y pudimos disfrutar de nuestras tardes italianas con nuestras familias anfitrionas.<\/em><\/span><\/p>\n<p><span style=\"font-family: tahoma, arial, helvetica, sans-serif;\"><em>D\u00eda 4:\u00a0Comenzamos el d\u00eda yendo al pueblo de Solomeo, all\u00ed, la familia Cucinelli abri\u00f3 las puertas de su hogar.<\/em><\/span><\/p>\n<p><span style=\"font-family: tahoma, arial, helvetica, sans-serif;\"><em>Nos contaron toda su historia desde que se fund\u00f3 su empresa de ropa exclusiva y artesanal. Visitamos la biblioteca, el teatro, la escuela de sastres, los vi\u00f1edos, etc. Posteriormente, hicimos sesi\u00f3n deportiva con diferentes monitores y diferentes tipos de deporte-juegos; fue una muy buena experiencia de cohesi\u00f3n y conocimiento entre todos que se disfrut\u00f3 minuto a minuto.<\/em><\/span><\/p>\n<p><span style=\"font-family: tahoma, arial, helvetica, sans-serif;\"><em>Despu\u00e9s de coger fuerzas con la comida italiana, nuestros invitados nos sorprendieron con un GOT TALENT (que nos entusiasm\u00f3 de tanto talento que nos mostraron)<\/em><\/span><\/p>\n<p><span style=\"font-family: verdana, geneva, sans-serif;\"><em><strong>Erasmus Travel diary Perugia &#8216; 24<\/strong><\/em><\/span><\/p>\n<p><span style=\"font-family: verdana, geneva, sans-serif;\"><em>Day 3: On the third day, we got up early as usual, to be very punctual at school. There we exchanged the activities that the two groups had done the previous day.<\/em><\/span><\/p>\n<p><span style=\"font-family: verdana, geneva, sans-serif;\"><em>Professor Francesca&#8217;s group taught Italian, English and a workshop on climate change, which gave us even more knowledge about it.<\/em><\/span><\/p>\n<p><span style=\"font-family: verdana, geneva, sans-serif;\"><em>Instead, Professor Chiara&#8217;s group descended to the center of Perugia with the famous minimetro and visited the medieval fortress of Perugia. Then we enjoyed the nice Italian weather and we were able to make a wonderful mgama gin around the medieval center.<\/em><\/span><\/p>\n<p><span style=\"font-family: verdana, geneva, sans-serif;\"><em>At the end of the day, we all went for lunch (that hunger was not lacking) and we could enjoy our Italian afternoons with our host families.<\/em><\/span><\/p>\n<p><span style=\"font-family: verdana, geneva, sans-serif;\"><em>Day 4: We started the day by going to the village of Solomeo, there, the Cucinelli family opened the doors of their home.<\/em><\/span><\/p>\n<p><span style=\"font-family: verdana, geneva, sans-serif;\"><em>They told us their whole story since their exclusive and handmade clothing company was founded. We visited the library, the theater, the school of tailors, the vineyards, etc. Later, we did a sports session with different monitors and different types of sports-games; it was a very good experience of cohesion and knowledge among all that was enjoyed minute by minute.<\/em><\/span><\/p>\n<p><span style=\"font-family: verdana, geneva, sans-serif;\"><em>After gaining strength with the Italian food, our guests surprised us with a GOT TALENT (which excited us so much talent that they showed us)<\/em><\/span><\/p>\n","protected":false},"excerpt":{"rendered":"<p>DIARI DE VIATGE ERASMUS Perugia &#8217;24 DIA 3: El tercer dia, ens vam tornar a aixecar aviat com sempre, per ser puntual\u00edssims a l&#8217;escola. All\u00e0 ens vam intercanviar les activitats que els dos grups hav\u00edem fet el dia anterior. El grup de la professora Francesca va fer classes d&#8217;itali\u00e0, angl\u00e8s i un taller sobre el [&hellip;]<\/p>\n","protected":false},"author":76,"featured_media":26522,"comment_status":"open","ping_status":"closed","sticky":false,"template":"","format":"standard","meta":{"_bbp_topic_count":0,"_bbp_reply_count":0,"_bbp_total_topic_count":0,"_bbp_total_reply_count":0,"_bbp_voice_count":0,"_bbp_anonymous_reply_count":0,"_bbp_topic_count_hidden":0,"_bbp_reply_count_hidden":0,"_bbp_forum_subforum_count":0,"site-sidebar-layout":"default","site-content-layout":"","ast-site-content-layout":"","site-content-style":"default","site-sidebar-style":"default","ast-global-header-display":"","ast-banner-title-visibility":"","ast-main-header-display":"","ast-hfb-above-header-display":"","ast-hfb-below-header-display":"","ast-hfb-mobile-header-display":"","site-post-title":"","ast-breadcrumbs-content":"","ast-featured-img":"","footer-sml-layout":"","theme-transparent-header-meta":"","adv-header-id-meta":"","stick-header-meta":"","header-above-stick-meta":"","header-main-stick-meta":"","header-below-stick-meta":"","astra-migrate-meta-layouts":"default","ast-page-background-enabled":"default","ast-page-background-meta":{"desktop":{"background-color":"var(--ast-global-color-4)","background-image":"","background-repeat":"repeat","background-position":"center center","background-size":"auto","background-attachment":"scroll","background-type":"","background-media":"","overlay-type":"","overlay-color":"","overlay-opacity":"","overlay-gradient":""},"tablet":{"background-color":"","background-image":"","background-repeat":"repeat","background-position":"center center","background-size":"auto","background-attachment":"scroll","background-type":"","background-media":"","overlay-type":"","overlay-color":"","overlay-opacity":"","overlay-gradient":""},"mobile":{"background-color":"","background-image":"","background-repeat":"repeat","background-position":"center center","background-size":"auto","background-attachment":"scroll","background-type":"","background-media":"","overlay-type":"","overlay-color":"","overlay-opacity":"","overlay-gradient":""}},"ast-content-background-meta":{"desktop":{"background-color":"var(--ast-global-color-5)","background-image":"","background-repeat":"repeat","background-position":"center center","background-size":"auto","background-attachment":"scroll","background-type":"","background-media":"","overlay-type":"","overlay-color":"","overlay-opacity":"","overlay-gradient":""},"tablet":{"background-color":"var(--ast-global-color-5)","background-image":"","background-repeat":"repeat","background-position":"center center","background-size":"auto","background-attachment":"scroll","background-type":"","background-media":"","overlay-type":"","overlay-color":"","overlay-opacity":"","overlay-gradient":""},"mobile":{"background-color":"var(--ast-global-color-5)","background-image":"","background-repeat":"repeat","background-position":"center center","background-size":"auto","background-attachment":"scroll","background-type":"","background-media":"","overlay-type":"","overlay-color":"","overlay-opacity":"","overlay-gradient":""}},"footnotes":""},"categories":[12,607,253],"tags":[362,213,409],"class_list":["post-26517","post","type-post","status-publish","format-standard","has-post-thumbnail","hentry","category-3r-eso","category-erasmus-students-mobilities","category-promocio-2017-30","tag-1r-eso","tag-erasmus","tag-secundaria"],"post_mailing_queue_ids":[],"_links":{"self":[{"href":"https:\/\/agora.xtec.cat\/iesantanna-premiadedalt\/wp-json\/wp\/v2\/posts\/26517","targetHints":{"allow":["GET"]}}],"collection":[{"href":"https:\/\/agora.xtec.cat\/iesantanna-premiadedalt\/wp-json\/wp\/v2\/posts"}],"about":[{"href":"https:\/\/agora.xtec.cat\/iesantanna-premiadedalt\/wp-json\/wp\/v2\/types\/post"}],"author":[{"embeddable":true,"href":"https:\/\/agora.xtec.cat\/iesantanna-premiadedalt\/wp-json\/wp\/v2\/users\/76"}],"replies":[{"embeddable":true,"href":"https:\/\/agora.xtec.cat\/iesantanna-premiadedalt\/wp-json\/wp\/v2\/comments?post=26517"}],"version-history":[{"count":4,"href":"https:\/\/agora.xtec.cat\/iesantanna-premiadedalt\/wp-json\/wp\/v2\/posts\/26517\/revisions"}],"predecessor-version":[{"id":27410,"href":"https:\/\/agora.xtec.cat\/iesantanna-premiadedalt\/wp-json\/wp\/v2\/posts\/26517\/revisions\/27410"}],"wp:featuredmedia":[{"embeddable":true,"href":"https:\/\/agora.xtec.cat\/iesantanna-premiadedalt\/wp-json\/wp\/v2\/media\/26522"}],"wp:attachment":[{"href":"https:\/\/agora.xtec.cat\/iesantanna-premiadedalt\/wp-json\/wp\/v2\/media?parent=26517"}],"wp:term":[{"taxonomy":"category","embeddable":true,"href":"https:\/\/agora.xtec.cat\/iesantanna-premiadedalt\/wp-json\/wp\/v2\/categories?post=26517"},{"taxonomy":"post_tag","embeddable":true,"href":"https:\/\/agora.xtec.cat\/iesantanna-premiadedalt\/wp-json\/wp\/v2\/tags?post=26517"}],"curies":[{"name":"wp","href":"https:\/\/api.w.org\/{rel}","templated":true}]}}