{"id":26268,"date":"2023-12-22T16:14:32","date_gmt":"2023-12-22T15:14:32","guid":{"rendered":"https:\/\/agora.xtec.cat\/iesantanna-premiadedalt\/?p=26268"},"modified":"2023-12-22T16:14:32","modified_gmt":"2023-12-22T15:14:32","slug":"activitats-de-nadal-dels-infants-de-1r","status":"publish","type":"post","link":"https:\/\/agora.xtec.cat\/iesantanna-premiadedalt\/erasmus\/general\/activitats-de-nadal-dels-infants-de-1r\/","title":{"rendered":"Activitats de Nadal dels infants de 1r"},"content":{"rendered":"<p>Fam\u00edlies de 1r! Aquests dies estem treballant moltes coses sobre el Nadal.<\/p>\n<ul>\n<li>Hem anat a buscar el Ti\u00f3.<\/li>\n<li>Hem vist els pastorets dels nostres padrins de 6\u00e8.<\/li>\n<li>Ens hem fet fotos a l&#8217;arbre de Nadal amb el Ti\u00f3.<\/li>\n<li>Ens ha visitat el pare Noel.<a href=\"https:\/\/photos.app.goo.gl\/FsqXFJy8uwG6e1bx7\"><img loading=\"lazy\" decoding=\"async\" class=\"wp-image-26275 alignright\" src=\"https:\/\/agora.xtec.cat\/iesantanna-premiadedalt\/wp-content\/uploads\/usu517\/2023\/12\/20231215_094454-scaled.jpg\" alt=\"\" width=\"527\" height=\"179\" srcset=\"https:\/\/agora.xtec.cat\/iesantanna-premiadedalt\/wp-content\/uploads\/usu517\/2023\/12\/20231215_094454-scaled.jpg 2560w, https:\/\/agora.xtec.cat\/iesantanna-premiadedalt\/wp-content\/uploads\/usu517\/2023\/12\/20231215_094454-300x102.jpg 300w, https:\/\/agora.xtec.cat\/iesantanna-premiadedalt\/wp-content\/uploads\/usu517\/2023\/12\/20231215_094454-1024x348.jpg 1024w, https:\/\/agora.xtec.cat\/iesantanna-premiadedalt\/wp-content\/uploads\/usu517\/2023\/12\/20231215_094454-768x261.jpg 768w, https:\/\/agora.xtec.cat\/iesantanna-premiadedalt\/wp-content\/uploads\/usu517\/2023\/12\/20231215_094454-1536x521.jpg 1536w, https:\/\/agora.xtec.cat\/iesantanna-premiadedalt\/wp-content\/uploads\/usu517\/2023\/12\/20231215_094454-2048x695.jpg 2048w\" sizes=\"auto, (max-width: 527px) 100vw, 527px\" \/><\/a><\/li>\n<li>Hem anat a patinar sobre gel.<\/li>\n<li>Hem cagat el Ti\u00f3.<\/li>\n<\/ul>\n<p>Qu\u00e8 m\u00e9s podem demanar&#8230;.<\/p>\n<p>BONES FESTES!!<\/p>\n<p>TO\u00d1I I ANNA!<\/p>\n","protected":false},"excerpt":{"rendered":"<p>Fam\u00edlies de 1r! Aquests dies estem treballant moltes coses sobre el Nadal. Hem anat a buscar el Ti\u00f3. Hem vist els pastorets dels nostres padrins de 6\u00e8. Ens hem fet fotos a l&#8217;arbre de Nadal amb el Ti\u00f3. Ens ha visitat el pare Noel. Hem anat a patinar sobre gel. Hem cagat el Ti\u00f3. Qu\u00e8 [&hellip;]<\/p>\n","protected":false},"author":65,"featured_media":26275,"comment_status":"open","ping_status":"closed","sticky":false,"template":"","format":"standard","meta":{"_bbp_topic_count":0,"_bbp_reply_count":0,"_bbp_total_topic_count":0,"_bbp_total_reply_count":0,"_bbp_voice_count":0,"_bbp_anonymous_reply_count":0,"_bbp_topic_count_hidden":0,"_bbp_reply_count_hidden":0,"_bbp_forum_subforum_count":0,"site-sidebar-layout":"default","site-content-layout":"","ast-site-content-layout":"","site-content-style":"default","site-sidebar-style":"default","ast-global-header-display":"","ast-banner-title-visibility":"","ast-main-header-display":"","ast-hfb-above-header-display":"","ast-hfb-below-header-display":"","ast-hfb-mobile-header-display":"","site-post-title":"","ast-breadcrumbs-content":"","ast-featured-img":"","footer-sml-layout":"","theme-transparent-header-meta":"","adv-header-id-meta":"","stick-header-meta":"","header-above-stick-meta":"","header-main-stick-meta":"","header-below-stick-meta":"","astra-migrate-meta-layouts":"default","ast-page-background-enabled":"default","ast-page-background-meta":{"desktop":{"background-color":"var(--ast-global-color-4)","background-image":"","background-repeat":"repeat","background-position":"center center","background-size":"auto","background-attachment":"scroll","background-type":"","background-media":"","overlay-type":"","overlay-color":"","overlay-opacity":"","overlay-gradient":""},"tablet":{"background-color":"","background-image":"","background-repeat":"repeat","background-position":"center center","background-size":"auto","background-attachment":"scroll","background-type":"","background-media":"","overlay-type":"","overlay-color":"","overlay-opacity":"","overlay-gradient":""},"mobile":{"background-color":"","background-image":"","background-repeat":"repeat","background-position":"center center","background-size":"auto","background-attachment":"scroll","background-type":"","background-media":"","overlay-type":"","overlay-color":"","overlay-opacity":"","overlay-gradient":""}},"ast-content-background-meta":{"desktop":{"background-color":"var(--ast-global-color-5)","background-image":"","background-repeat":"repeat","background-position":"center center","background-size":"auto","background-attachment":"scroll","background-type":"","background-media":"","overlay-type":"","overlay-color":"","overlay-opacity":"","overlay-gradient":""},"tablet":{"background-color":"var(--ast-global-color-5)","background-image":"","background-repeat":"repeat","background-position":"center center","background-size":"auto","background-attachment":"scroll","background-type":"","background-media":"","overlay-type":"","overlay-color":"","overlay-opacity":"","overlay-gradient":""},"mobile":{"background-color":"var(--ast-global-color-5)","background-image":"","background-repeat":"repeat","background-position":"center center","background-size":"auto","background-attachment":"scroll","background-type":"","background-media":"","overlay-type":"","overlay-color":"","overlay-opacity":"","overlay-gradient":""}},"footnotes":""},"categories":[321,1,309,331],"tags":[],"class_list":["post-26268","post","type-post","status-publish","format-standard","has-post-thumbnail","hentry","category-3r","category-general","category-primaria","category-promocio-2020-33"],"post_mailing_queue_ids":[],"_links":{"self":[{"href":"https:\/\/agora.xtec.cat\/iesantanna-premiadedalt\/wp-json\/wp\/v2\/posts\/26268","targetHints":{"allow":["GET"]}}],"collection":[{"href":"https:\/\/agora.xtec.cat\/iesantanna-premiadedalt\/wp-json\/wp\/v2\/posts"}],"about":[{"href":"https:\/\/agora.xtec.cat\/iesantanna-premiadedalt\/wp-json\/wp\/v2\/types\/post"}],"author":[{"embeddable":true,"href":"https:\/\/agora.xtec.cat\/iesantanna-premiadedalt\/wp-json\/wp\/v2\/users\/65"}],"replies":[{"embeddable":true,"href":"https:\/\/agora.xtec.cat\/iesantanna-premiadedalt\/wp-json\/wp\/v2\/comments?post=26268"}],"version-history":[{"count":2,"href":"https:\/\/agora.xtec.cat\/iesantanna-premiadedalt\/wp-json\/wp\/v2\/posts\/26268\/revisions"}],"predecessor-version":[{"id":26276,"href":"https:\/\/agora.xtec.cat\/iesantanna-premiadedalt\/wp-json\/wp\/v2\/posts\/26268\/revisions\/26276"}],"wp:featuredmedia":[{"embeddable":true,"href":"https:\/\/agora.xtec.cat\/iesantanna-premiadedalt\/wp-json\/wp\/v2\/media\/26275"}],"wp:attachment":[{"href":"https:\/\/agora.xtec.cat\/iesantanna-premiadedalt\/wp-json\/wp\/v2\/media?parent=26268"}],"wp:term":[{"taxonomy":"category","embeddable":true,"href":"https:\/\/agora.xtec.cat\/iesantanna-premiadedalt\/wp-json\/wp\/v2\/categories?post=26268"},{"taxonomy":"post_tag","embeddable":true,"href":"https:\/\/agora.xtec.cat\/iesantanna-premiadedalt\/wp-json\/wp\/v2\/tags?post=26268"}],"curies":[{"name":"wp","href":"https:\/\/api.w.org\/{rel}","templated":true}]}}