{"id":26202,"date":"2023-11-13T11:21:25","date_gmt":"2023-11-13T10:21:25","guid":{"rendered":"https:\/\/agora.xtec.cat\/iesantanna-premiadedalt\/?p=26202"},"modified":"2023-11-13T11:21:40","modified_gmt":"2023-11-13T10:21:40","slug":"sortida-a-can-xiquet","status":"publish","type":"post","link":"https:\/\/agora.xtec.cat\/iesantanna-premiadedalt\/erasmus\/general\/sortida-a-can-xiquet\/","title":{"rendered":"Sortida a Can Xiquet"},"content":{"rendered":"<p>&nbsp;<\/p>\n<p style=\"text-align: center;\"><span style=\"font-family: helvetica, arial, sans-serif;\"><strong><span style=\"color: #339966;\">Anem a Can Xicoy d&#8217;excursi\u00f3<\/span><\/strong><\/span><\/p>\n<p style=\"text-align: center;\"><a href=\"https:\/\/photos.google.com\/u\/2\/album\/AF1QipNDxOIBXnBUPLC_zzXAaWcEOF_m9aN_rjEialSG\"><br \/>\n<img loading=\"lazy\" decoding=\"async\" class=\"aligncenter wp-image-26208\" src=\"https:\/\/agora.xtec.cat\/iesantanna-premiadedalt\/wp-content\/uploads\/usu517\/2023\/11\/Captura-de-pantalla-2023-11-13-111654.png\" alt=\"\" width=\"409\" height=\"412\" srcset=\"https:\/\/agora.xtec.cat\/iesantanna-premiadedalt\/wp-content\/uploads\/usu517\/2023\/11\/Captura-de-pantalla-2023-11-13-111654.png 520w, https:\/\/agora.xtec.cat\/iesantanna-premiadedalt\/wp-content\/uploads\/usu517\/2023\/11\/Captura-de-pantalla-2023-11-13-111654-298x300.png 298w, https:\/\/agora.xtec.cat\/iesantanna-premiadedalt\/wp-content\/uploads\/usu517\/2023\/11\/Captura-de-pantalla-2023-11-13-111654-150x150.png 150w\" sizes=\"auto, (max-width: 409px) 100vw, 409px\" \/><\/a><\/p>\n<p>El dimecres dia 8 de novembre vam anar d&#8217;excursi\u00f3 a Can Xiquet, una granja de cabres , on fan formatges artesans. Vam con\u00e8ixer tots els animals de la granja, les vaques, rucs, cabretes i fins i tot vam aprendre a fer formatge.<\/p>\n<p><a href=\"https:\/\/agora.xtec.cat\/iesantanna-premiadedalt\/wp-content\/uploads\/usu517\/2023\/11\/IMG_2262.heic\"><img decoding=\"async\" class=\"aligncenter size-full wp-image-26204\" src=\"https:\/\/agora.xtec.cat\/iesantanna-premiadedalt\/wp-content\/uploads\/usu517\/2023\/11\/IMG_2262.heic\" alt=\"\" \/><\/a><\/p>\n<p>Clica a la foto<\/p>\n","protected":false},"excerpt":{"rendered":"<p>&nbsp; Anem a Can Xicoy d&#8217;excursi\u00f3 El dimecres dia 8 de novembre vam anar d&#8217;excursi\u00f3 a Can Xiquet, una granja de cabres , on fan formatges artesans. Vam con\u00e8ixer tots els animals de la granja, les vaques, rucs, cabretes i fins i tot vam aprendre a fer formatge. Clica a la foto<\/p>\n","protected":false},"author":65,"featured_media":0,"comment_status":"open","ping_status":"closed","sticky":false,"template":"","format":"standard","meta":{"_bbp_topic_count":0,"_bbp_reply_count":0,"_bbp_total_topic_count":0,"_bbp_total_reply_count":0,"_bbp_voice_count":0,"_bbp_anonymous_reply_count":0,"_bbp_topic_count_hidden":0,"_bbp_reply_count_hidden":0,"_bbp_forum_subforum_count":0,"site-sidebar-layout":"default","site-content-layout":"","ast-site-content-layout":"","site-content-style":"default","site-sidebar-style":"default","ast-global-header-display":"","ast-banner-title-visibility":"","ast-main-header-display":"","ast-hfb-above-header-display":"","ast-hfb-below-header-display":"","ast-hfb-mobile-header-display":"","site-post-title":"","ast-breadcrumbs-content":"","ast-featured-img":"","footer-sml-layout":"","theme-transparent-header-meta":"","adv-header-id-meta":"","stick-header-meta":"","header-above-stick-meta":"","header-main-stick-meta":"","header-below-stick-meta":"","astra-migrate-meta-layouts":"default","ast-page-background-enabled":"default","ast-page-background-meta":{"desktop":{"background-color":"var(--ast-global-color-4)","background-image":"","background-repeat":"repeat","background-position":"center center","background-size":"auto","background-attachment":"scroll","background-type":"","background-media":"","overlay-type":"","overlay-color":"","overlay-opacity":"","overlay-gradient":""},"tablet":{"background-color":"","background-image":"","background-repeat":"repeat","background-position":"center center","background-size":"auto","background-attachment":"scroll","background-type":"","background-media":"","overlay-type":"","overlay-color":"","overlay-opacity":"","overlay-gradient":""},"mobile":{"background-color":"","background-image":"","background-repeat":"repeat","background-position":"center center","background-size":"auto","background-attachment":"scroll","background-type":"","background-media":"","overlay-type":"","overlay-color":"","overlay-opacity":"","overlay-gradient":""}},"ast-content-background-meta":{"desktop":{"background-color":"var(--ast-global-color-5)","background-image":"","background-repeat":"repeat","background-position":"center center","background-size":"auto","background-attachment":"scroll","background-type":"","background-media":"","overlay-type":"","overlay-color":"","overlay-opacity":"","overlay-gradient":""},"tablet":{"background-color":"var(--ast-global-color-5)","background-image":"","background-repeat":"repeat","background-position":"center center","background-size":"auto","background-attachment":"scroll","background-type":"","background-media":"","overlay-type":"","overlay-color":"","overlay-opacity":"","overlay-gradient":""},"mobile":{"background-color":"var(--ast-global-color-5)","background-image":"","background-repeat":"repeat","background-position":"center center","background-size":"auto","background-attachment":"scroll","background-type":"","background-media":"","overlay-type":"","overlay-color":"","overlay-opacity":"","overlay-gradient":""}},"footnotes":""},"categories":[321,1],"tags":[],"class_list":["post-26202","post","type-post","status-publish","format-standard","hentry","category-3r","category-general"],"post_mailing_queue_ids":[],"_links":{"self":[{"href":"https:\/\/agora.xtec.cat\/iesantanna-premiadedalt\/wp-json\/wp\/v2\/posts\/26202","targetHints":{"allow":["GET"]}}],"collection":[{"href":"https:\/\/agora.xtec.cat\/iesantanna-premiadedalt\/wp-json\/wp\/v2\/posts"}],"about":[{"href":"https:\/\/agora.xtec.cat\/iesantanna-premiadedalt\/wp-json\/wp\/v2\/types\/post"}],"author":[{"embeddable":true,"href":"https:\/\/agora.xtec.cat\/iesantanna-premiadedalt\/wp-json\/wp\/v2\/users\/65"}],"replies":[{"embeddable":true,"href":"https:\/\/agora.xtec.cat\/iesantanna-premiadedalt\/wp-json\/wp\/v2\/comments?post=26202"}],"version-history":[{"count":3,"href":"https:\/\/agora.xtec.cat\/iesantanna-premiadedalt\/wp-json\/wp\/v2\/posts\/26202\/revisions"}],"predecessor-version":[{"id":26210,"href":"https:\/\/agora.xtec.cat\/iesantanna-premiadedalt\/wp-json\/wp\/v2\/posts\/26202\/revisions\/26210"}],"wp:attachment":[{"href":"https:\/\/agora.xtec.cat\/iesantanna-premiadedalt\/wp-json\/wp\/v2\/media?parent=26202"}],"wp:term":[{"taxonomy":"category","embeddable":true,"href":"https:\/\/agora.xtec.cat\/iesantanna-premiadedalt\/wp-json\/wp\/v2\/categories?post=26202"},{"taxonomy":"post_tag","embeddable":true,"href":"https:\/\/agora.xtec.cat\/iesantanna-premiadedalt\/wp-json\/wp\/v2\/tags?post=26202"}],"curies":[{"name":"wp","href":"https:\/\/api.w.org\/{rel}","templated":true}]}}