{"id":26155,"date":"2023-10-30T18:39:12","date_gmt":"2023-10-30T17:39:12","guid":{"rendered":"https:\/\/agora.xtec.cat\/iesantanna-premiadedalt\/?p=26155"},"modified":"2023-10-30T18:39:12","modified_gmt":"2023-10-30T17:39:12","slug":"sortida-5e-visita-cruscat-sta-margarida","status":"publish","type":"post","link":"https:\/\/agora.xtec.cat\/iesantanna-premiadedalt\/promocio-2016-29\/sortida-5e-visita-cruscat-sta-margarida\/","title":{"rendered":"Sortida 5\u00e8: Visita Cruscat &#8211; Sta. Margarida"},"content":{"rendered":"<p style=\"text-align: justify;\"><span style=\"font-weight: 400;\">Aquest passat dimecres, dia 25 d&#8217;octubre, els alumnes de 5\u00e8 hem anat a visitar dos volcans:\u00a0 el Croscat i el de Santa Margarida a Olot, capital de la\u00a0\u00a0<\/span><span style=\"font-weight: 400;\">Garrotxa.\u00a0<\/span><\/p>\n<p style=\"text-align: justify;\"><span style=\"font-weight: 400;\">Hem anat en autobus, el cam\u00ed for\u00e7a llarg, entre\u00a0 una hora i mitja i 2 hores. Hem caminat bastant.\u00a0<\/span><\/p>\n<p style=\"text-align: justify;\"><span style=\"font-weight: 400;\">Primer, a l\u2019arribar, hem esmorzat i s\u2019han presentat els guies de l\u2019excursi\u00f3: en Jordi i la Pili. La Pili ha anat amb 5\u00e8A i en Jordi amb 5\u00e8B.\u00a0<\/span><\/p>\n<p style=\"text-align: justify;\"><span style=\"font-weight: 400;\">Quan hem acabat d\u2019esmorzar, hem visitat el volc\u00e0 del Croscat. En aquest volc\u00e0 la cendre era molt suau i fina i, per aquest motiu, pot trobar-se a a bastants quil\u00f2metres de dist\u00e0ncia. Hem vist diferents colors de terra, una m\u00e9s vermellosa (havia agafat m\u00e9s temperatura) i una altra m\u00e9s negra.\u00a0<\/span><\/p>\n<p style=\"text-align: justify;\"><span style=\"font-weight: 400;\">A continuaci\u00f3, hem anat a veure el volc\u00e0 de Santa Margarida, el volc\u00e0 del costat. El cam\u00ed per anar a visitar aquest volc\u00e0 era molt m\u00e9s empinat, ens ha cansat una mica per\u00f2 ha valgut la pena.<\/span><\/p>\n<p style=\"text-align: justify;\"><span style=\"font-weight: 400;\">Hem estat sobre el cr\u00e0ter, on hi havia vegetaci\u00f3 i, fa uns anys, van edificar una esgl\u00e9sia. Sab\u00edeu que, a la Garrotxa, que\u00a0 si un volc\u00e0 ja ha erupcionat no pot tornar a fer-ho, s&#8217;extingeix?\u00a0 El que s\u00ed que pot passar \u00e9s que neixi un altre volc\u00e0.<\/span><\/p>\n<p style=\"text-align: justify;\"><span style=\"font-weight: 400;\">Despr\u00e9s, hem anat\u00a0 a dinar i despr\u00e9s de jugar una mica, hem pujat a l\u2019autocar per tornar cap a casa.<\/span><\/p>\n<p style=\"text-align: justify;\"><span style=\"font-weight: 400;\">Ens ho hem passar molt b\u00e9. <\/span><\/p>\n<p style=\"text-align: justify;\"><span style=\"font-weight: 400;\"><a href=\"https:\/\/photos.app.goo.gl\/12T9c133QGEuE2TW8\">Si cliqueu aqu\u00ed podreu veure totes les fotos<\/a><\/span><\/p>\n<p><a href=\"https:\/\/agora.xtec.cat\/iesantanna-premiadedalt\/wp-content\/uploads\/usu517\/2023\/10\/IMG_20231025_110153-1.jpg\"><img loading=\"lazy\" decoding=\"async\" class=\"alignnone wp-image-26159\" src=\"https:\/\/agora.xtec.cat\/iesantanna-premiadedalt\/wp-content\/uploads\/usu517\/2023\/10\/IMG_20231025_110153-1-1024x766.jpg\" alt=\"\" width=\"461\" height=\"345\" srcset=\"https:\/\/agora.xtec.cat\/iesantanna-premiadedalt\/wp-content\/uploads\/usu517\/2023\/10\/IMG_20231025_110153-1-1024x766.jpg 1024w, https:\/\/agora.xtec.cat\/iesantanna-premiadedalt\/wp-content\/uploads\/usu517\/2023\/10\/IMG_20231025_110153-1-300x224.jpg 300w, https:\/\/agora.xtec.cat\/iesantanna-premiadedalt\/wp-content\/uploads\/usu517\/2023\/10\/IMG_20231025_110153-1-768x575.jpg 768w, https:\/\/agora.xtec.cat\/iesantanna-premiadedalt\/wp-content\/uploads\/usu517\/2023\/10\/IMG_20231025_110153-1-200x150.jpg 200w, https:\/\/agora.xtec.cat\/iesantanna-premiadedalt\/wp-content\/uploads\/usu517\/2023\/10\/IMG_20231025_110153-1.jpg 1287w\" sizes=\"auto, (max-width: 461px) 100vw, 461px\" \/><\/a><\/p>\n<p style=\"text-align: justify;\">Salma i Daniel S. de 5\u00e8B<\/p>\n","protected":false},"excerpt":{"rendered":"<p>Aquest passat dimecres, dia 25 d&#8217;octubre, els alumnes de 5\u00e8 hem anat a visitar dos volcans:\u00a0 el Croscat i el de Santa Margarida a Olot, capital de la\u00a0\u00a0Garrotxa.<\/p>\n","protected":false},"author":69,"featured_media":26157,"comment_status":"open","ping_status":"closed","sticky":false,"template":"","format":"standard","meta":{"_bbp_topic_count":0,"_bbp_reply_count":0,"_bbp_total_topic_count":0,"_bbp_total_reply_count":0,"_bbp_voice_count":0,"_bbp_anonymous_reply_count":0,"_bbp_topic_count_hidden":0,"_bbp_reply_count_hidden":0,"_bbp_forum_subforum_count":0,"site-sidebar-layout":"default","site-content-layout":"","ast-site-content-layout":"","site-content-style":"default","site-sidebar-style":"default","ast-global-header-display":"","ast-banner-title-visibility":"","ast-main-header-display":"","ast-hfb-above-header-display":"","ast-hfb-below-header-display":"","ast-hfb-mobile-header-display":"","site-post-title":"","ast-breadcrumbs-content":"","ast-featured-img":"","footer-sml-layout":"","theme-transparent-header-meta":"","adv-header-id-meta":"","stick-header-meta":"","header-above-stick-meta":"","header-main-stick-meta":"","header-below-stick-meta":"","astra-migrate-meta-layouts":"default","ast-page-background-enabled":"default","ast-page-background-meta":{"desktop":{"background-color":"var(--ast-global-color-4)","background-image":"","background-repeat":"repeat","background-position":"center center","background-size":"auto","background-attachment":"scroll","background-type":"","background-media":"","overlay-type":"","overlay-color":"","overlay-opacity":"","overlay-gradient":""},"tablet":{"background-color":"","background-image":"","background-repeat":"repeat","background-position":"center center","background-size":"auto","background-attachment":"scroll","background-type":"","background-media":"","overlay-type":"","overlay-color":"","overlay-opacity":"","overlay-gradient":""},"mobile":{"background-color":"","background-image":"","background-repeat":"repeat","background-position":"center center","background-size":"auto","background-attachment":"scroll","background-type":"","background-media":"","overlay-type":"","overlay-color":"","overlay-opacity":"","overlay-gradient":""}},"ast-content-background-meta":{"desktop":{"background-color":"var(--ast-global-color-5)","background-image":"","background-repeat":"repeat","background-position":"center center","background-size":"auto","background-attachment":"scroll","background-type":"","background-media":"","overlay-type":"","overlay-color":"","overlay-opacity":"","overlay-gradient":""},"tablet":{"background-color":"var(--ast-global-color-5)","background-image":"","background-repeat":"repeat","background-position":"center center","background-size":"auto","background-attachment":"scroll","background-type":"","background-media":"","overlay-type":"","overlay-color":"","overlay-opacity":"","overlay-gradient":""},"mobile":{"background-color":"var(--ast-global-color-5)","background-image":"","background-repeat":"repeat","background-position":"center center","background-size":"auto","background-attachment":"scroll","background-type":"","background-media":"","overlay-type":"","overlay-color":"","overlay-opacity":"","overlay-gradient":""}},"footnotes":""},"categories":[419,252],"tags":[289,71,490,16],"class_list":["post-26155","post","type-post","status-publish","format-standard","has-post-thumbnail","hentry","category-1r-eso","category-promocio-2016-29","tag-5e","tag-cicle-superior","tag-promocio-2016-2025-2016-2025","tag-sortides"],"post_mailing_queue_ids":[],"_links":{"self":[{"href":"https:\/\/agora.xtec.cat\/iesantanna-premiadedalt\/wp-json\/wp\/v2\/posts\/26155","targetHints":{"allow":["GET"]}}],"collection":[{"href":"https:\/\/agora.xtec.cat\/iesantanna-premiadedalt\/wp-json\/wp\/v2\/posts"}],"about":[{"href":"https:\/\/agora.xtec.cat\/iesantanna-premiadedalt\/wp-json\/wp\/v2\/types\/post"}],"author":[{"embeddable":true,"href":"https:\/\/agora.xtec.cat\/iesantanna-premiadedalt\/wp-json\/wp\/v2\/users\/69"}],"replies":[{"embeddable":true,"href":"https:\/\/agora.xtec.cat\/iesantanna-premiadedalt\/wp-json\/wp\/v2\/comments?post=26155"}],"version-history":[{"count":2,"href":"https:\/\/agora.xtec.cat\/iesantanna-premiadedalt\/wp-json\/wp\/v2\/posts\/26155\/revisions"}],"predecessor-version":[{"id":26160,"href":"https:\/\/agora.xtec.cat\/iesantanna-premiadedalt\/wp-json\/wp\/v2\/posts\/26155\/revisions\/26160"}],"wp:featuredmedia":[{"embeddable":true,"href":"https:\/\/agora.xtec.cat\/iesantanna-premiadedalt\/wp-json\/wp\/v2\/media\/26157"}],"wp:attachment":[{"href":"https:\/\/agora.xtec.cat\/iesantanna-premiadedalt\/wp-json\/wp\/v2\/media?parent=26155"}],"wp:term":[{"taxonomy":"category","embeddable":true,"href":"https:\/\/agora.xtec.cat\/iesantanna-premiadedalt\/wp-json\/wp\/v2\/categories?post=26155"},{"taxonomy":"post_tag","embeddable":true,"href":"https:\/\/agora.xtec.cat\/iesantanna-premiadedalt\/wp-json\/wp\/v2\/tags?post=26155"}],"curies":[{"name":"wp","href":"https:\/\/api.w.org\/{rel}","templated":true}]}}