{"id":24374,"date":"2022-05-01T11:20:30","date_gmt":"2022-05-01T09:20:30","guid":{"rendered":"https:\/\/agora.xtec.cat\/iesantanna-premiadedalt\/?p=24374"},"modified":"2026-02-04T20:21:26","modified_gmt":"2026-02-04T19:21:26","slug":"revista-digital-red-mes-articles","status":"publish","type":"post","link":"https:\/\/agora.xtec.cat\/iesantanna-premiadedalt\/secundaria\/2n-eso\/revista-digital-red-mes-articles\/","title":{"rendered":"Revista digital RED &#8211; M\u00e9s articles!"},"content":{"rendered":"<p>Les noies i els nolis de 1r d&#8217;ESO han publicat uns quants articles m\u00e9s a la revista digital <strong>RED Santa Anna Report.<\/strong><\/p>\n<p>Podeu veure&#8217;ls des de cada un dels enlla\u00e7os. Val molt la pena fer-ne una lectura. Gran tasca de l&#8217;equip de redacci\u00f3!<\/p>\n<h5 class=\"post-title post-item-title\"><a href=\"https:\/\/santaanna.junior-report.media\/un-intercanvi-a-italia-que-vam-fer\/\" target=\"_blank\" rel=\"noopener\">Un intercanvi a It\u00e0lia, qu\u00e8 vam fer?<\/a><\/h5>\n<h5 class=\"post-title post-item-title\"><a href=\"https:\/\/santaanna.junior-report.media\/que-es-lerasmus-i-com-ho-treballem\/\" target=\"_blank\" rel=\"noopener\">Qu\u00e8 \u00e9s l\u2019Erasmus + i com ho treballem?<\/a><\/h5>\n<h5 class=\"post-title post-item-title\"><a href=\"https:\/\/santaanna.junior-report.media\/dia-de-la-dona-cientifica\/\" target=\"_blank\" rel=\"noopener\">Dia de la dona cient\u00edfica<\/a><\/h5>\n<h5 class=\"post-title post-item-title\"><a href=\"https:\/\/santaanna.junior-report.media\/el-carnestoltes-es-un-dia-molt-especial\/\" target=\"_blank\" rel=\"noopener\">El Carnestoltes \u00e9s un dia molt especial<\/a><\/h5>\n<h5 class=\"post-title post-item-title\"><a href=\"https:\/\/santaanna.junior-report.media\/esmorzars-saludables-per-tenir-energia\/\" target=\"_blank\" rel=\"noopener\">Esmorzars saludables per tenir energia!<\/a><\/h5>\n<h5 class=\"post-title post-item-title\"><a href=\"https:\/\/santaanna.junior-report.media\/visita-de-la-gloria-marin\/\" target=\"_blank\" rel=\"noopener\">Visita de la Gl\u00f2ria Mar\u00edn<\/a><\/h5>\n<h5 class=\"post-title post-item-title\"><a href=\"https:\/\/santaanna.junior-report.media\/taller-dautoconeixement\/\" target=\"_blank\" rel=\"noopener\">Taller d\u2019autoconeixement<\/a><\/h5>\n<p>&nbsp;<\/p>\n<p>&nbsp;<\/p>\n","protected":false},"excerpt":{"rendered":"<p>Les noies i els nolis de 1r d&#8217;ESO han publicat uns quants articles m\u00e9s a la revista digital RED Santa Anna Report. Podeu veure&#8217;ls des de cada un dels enlla\u00e7os. Val molt la pena fer-ne una lectura. Gran tasca de l&#8217;equip de redacci\u00f3! Un intercanvi a It\u00e0lia, qu\u00e8 vam fer? Qu\u00e8 \u00e9s l\u2019Erasmus + i [&hellip;]<\/p>\n","protected":false},"author":1,"featured_media":24261,"comment_status":"closed","ping_status":"closed","sticky":false,"template":"","format":"standard","meta":{"_bbp_topic_count":0,"_bbp_reply_count":0,"_bbp_total_topic_count":0,"_bbp_total_reply_count":0,"_bbp_voice_count":0,"_bbp_anonymous_reply_count":0,"_bbp_topic_count_hidden":0,"_bbp_reply_count_hidden":0,"_bbp_forum_subforum_count":0,"site-sidebar-layout":"default","site-content-layout":"","ast-site-content-layout":"","site-content-style":"default","site-sidebar-style":"default","ast-global-header-display":"","ast-banner-title-visibility":"","ast-main-header-display":"","ast-hfb-above-header-display":"","ast-hfb-below-header-display":"","ast-hfb-mobile-header-display":"","site-post-title":"","ast-breadcrumbs-content":"","ast-featured-img":"","footer-sml-layout":"","theme-transparent-header-meta":"","adv-header-id-meta":"","stick-header-meta":"","header-above-stick-meta":"","header-main-stick-meta":"","header-below-stick-meta":"","astra-migrate-meta-layouts":"default","ast-page-background-enabled":"default","ast-page-background-meta":{"desktop":{"background-color":"var(--ast-global-color-4)","background-image":"","background-repeat":"repeat","background-position":"center center","background-size":"auto","background-attachment":"scroll","background-type":"","background-media":"","overlay-type":"","overlay-color":"","overlay-opacity":"","overlay-gradient":""},"tablet":{"background-color":"","background-image":"","background-repeat":"repeat","background-position":"center center","background-size":"auto","background-attachment":"scroll","background-type":"","background-media":"","overlay-type":"","overlay-color":"","overlay-opacity":"","overlay-gradient":""},"mobile":{"background-color":"","background-image":"","background-repeat":"repeat","background-position":"center center","background-size":"auto","background-attachment":"scroll","background-type":"","background-media":"","overlay-type":"","overlay-color":"","overlay-opacity":"","overlay-gradient":""}},"ast-content-background-meta":{"desktop":{"background-color":"var(--ast-global-color-5)","background-image":"","background-repeat":"repeat","background-position":"center center","background-size":"auto","background-attachment":"scroll","background-type":"","background-media":"","overlay-type":"","overlay-color":"","overlay-opacity":"","overlay-gradient":""},"tablet":{"background-color":"var(--ast-global-color-5)","background-image":"","background-repeat":"repeat","background-position":"center center","background-size":"auto","background-attachment":"scroll","background-type":"","background-media":"","overlay-type":"","overlay-color":"","overlay-opacity":"","overlay-gradient":""},"mobile":{"background-color":"var(--ast-global-color-5)","background-image":"","background-repeat":"repeat","background-position":"center center","background-size":"auto","background-attachment":"scroll","background-type":"","background-media":"","overlay-type":"","overlay-color":"","overlay-opacity":"","overlay-gradient":""}},"footnotes":""},"categories":[419,11,619,610,14,505],"tags":[362,213,203,423,420],"class_list":["post-24374","post","type-post","status-publish","format-standard","has-post-thumbnail","hentry","category-1r-eso","category-2n-eso","category-ambit-linguistica","category-erasmus-activities-at-school-students","category-graduats2025","category-revista-digital-santa-anna","tag-1r-eso","tag-erasmus","tag-eso","tag-red","tag-revista-digital-red"],"post_mailing_queue_ids":[],"_links":{"self":[{"href":"https:\/\/agora.xtec.cat\/iesantanna-premiadedalt\/wp-json\/wp\/v2\/posts\/24374","targetHints":{"allow":["GET"]}}],"collection":[{"href":"https:\/\/agora.xtec.cat\/iesantanna-premiadedalt\/wp-json\/wp\/v2\/posts"}],"about":[{"href":"https:\/\/agora.xtec.cat\/iesantanna-premiadedalt\/wp-json\/wp\/v2\/types\/post"}],"author":[{"embeddable":true,"href":"https:\/\/agora.xtec.cat\/iesantanna-premiadedalt\/wp-json\/wp\/v2\/users\/1"}],"replies":[{"embeddable":true,"href":"https:\/\/agora.xtec.cat\/iesantanna-premiadedalt\/wp-json\/wp\/v2\/comments?post=24374"}],"version-history":[{"count":1,"href":"https:\/\/agora.xtec.cat\/iesantanna-premiadedalt\/wp-json\/wp\/v2\/posts\/24374\/revisions"}],"predecessor-version":[{"id":24375,"href":"https:\/\/agora.xtec.cat\/iesantanna-premiadedalt\/wp-json\/wp\/v2\/posts\/24374\/revisions\/24375"}],"wp:featuredmedia":[{"embeddable":true,"href":"https:\/\/agora.xtec.cat\/iesantanna-premiadedalt\/wp-json\/wp\/v2\/media\/24261"}],"wp:attachment":[{"href":"https:\/\/agora.xtec.cat\/iesantanna-premiadedalt\/wp-json\/wp\/v2\/media?parent=24374"}],"wp:term":[{"taxonomy":"category","embeddable":true,"href":"https:\/\/agora.xtec.cat\/iesantanna-premiadedalt\/wp-json\/wp\/v2\/categories?post=24374"},{"taxonomy":"post_tag","embeddable":true,"href":"https:\/\/agora.xtec.cat\/iesantanna-premiadedalt\/wp-json\/wp\/v2\/tags?post=24374"}],"curies":[{"name":"wp","href":"https:\/\/api.w.org\/{rel}","templated":true}]}}