{"id":24331,"date":"2022-04-08T12:36:47","date_gmt":"2022-04-08T10:36:47","guid":{"rendered":"https:\/\/agora.xtec.cat\/iesantanna-premiadedalt\/?p=24331"},"modified":"2022-04-08T12:36:47","modified_gmt":"2022-04-08T10:36:47","slug":"taller-de-musica-p5b","status":"publish","type":"post","link":"https:\/\/agora.xtec.cat\/iesantanna-premiadedalt\/infantil\/taller-de-musica-p5b\/","title":{"rendered":"Taller de M\u00fasica P5B"},"content":{"rendered":"<p><a href=\"https:\/\/photos.app.goo.gl\/eQhYuCdtFYTnvroB8\" target=\"_blank\" rel=\"noopener\"><img loading=\"lazy\" decoding=\"async\" class=\"wp-image-24332 aligncenter\" src=\"https:\/\/agora.xtec.cat\/iesantanna-premiadedalt\/wp-content\/uploads\/usu517\/2022\/04\/5dcab832-a538-4d55-ad51-dda77cf4dfc3-1024x768.jpg\" alt=\"\" width=\"646\" height=\"485\" srcset=\"https:\/\/agora.xtec.cat\/iesantanna-premiadedalt\/wp-content\/uploads\/usu517\/2022\/04\/5dcab832-a538-4d55-ad51-dda77cf4dfc3-1024x768.jpg 1024w, https:\/\/agora.xtec.cat\/iesantanna-premiadedalt\/wp-content\/uploads\/usu517\/2022\/04\/5dcab832-a538-4d55-ad51-dda77cf4dfc3-300x225.jpg 300w, https:\/\/agora.xtec.cat\/iesantanna-premiadedalt\/wp-content\/uploads\/usu517\/2022\/04\/5dcab832-a538-4d55-ad51-dda77cf4dfc3-768x576.jpg 768w, https:\/\/agora.xtec.cat\/iesantanna-premiadedalt\/wp-content\/uploads\/usu517\/2022\/04\/5dcab832-a538-4d55-ad51-dda77cf4dfc3-1536x1152.jpg 1536w, https:\/\/agora.xtec.cat\/iesantanna-premiadedalt\/wp-content\/uploads\/usu517\/2022\/04\/5dcab832-a538-4d55-ad51-dda77cf4dfc3-200x150.jpg 200w, https:\/\/agora.xtec.cat\/iesantanna-premiadedalt\/wp-content\/uploads\/usu517\/2022\/04\/5dcab832-a538-4d55-ad51-dda77cf4dfc3.jpg 1600w\" sizes=\"auto, (max-width: 646px) 100vw, 646px\" \/><\/a><\/p>\n<p style=\"text-align: center;\">Aquest dijous els nens i nenes de P5B han acabat el Taller de M\u00fasica.<\/p>\n<p style=\"text-align: center;\">Hem gaudit molt d&#8217;aquestes setmanes, la Laia ens ha ensenyat moltes can\u00e7ons, ritmes i instruments.<\/p>\n<p style=\"text-align: center;\">Ha sigut molt divertit i hem apr\u00e8s molt.<\/p>\n","protected":false},"excerpt":{"rendered":"<p>Aquest dijous els nens i nenes de P5B han acabat el Taller de M\u00fasica. Hem gaudit molt d&#8217;aquestes setmanes, la Laia ens ha ensenyat moltes can\u00e7ons, ritmes i instruments. Ha sigut molt divertit i hem apr\u00e8s molt.<\/p>\n","protected":false},"author":64,"featured_media":24332,"comment_status":"closed","ping_status":"closed","sticky":false,"template":"","format":"standard","meta":{"_bbp_topic_count":0,"_bbp_reply_count":0,"_bbp_total_topic_count":0,"_bbp_total_reply_count":0,"_bbp_voice_count":0,"_bbp_anonymous_reply_count":0,"_bbp_topic_count_hidden":0,"_bbp_reply_count_hidden":0,"_bbp_forum_subforum_count":0,"site-sidebar-layout":"default","site-content-layout":"","ast-site-content-layout":"","site-content-style":"default","site-sidebar-style":"default","ast-global-header-display":"","ast-banner-title-visibility":"","ast-main-header-display":"","ast-hfb-above-header-display":"","ast-hfb-below-header-display":"","ast-hfb-mobile-header-display":"","site-post-title":"","ast-breadcrumbs-content":"","ast-featured-img":"","footer-sml-layout":"","theme-transparent-header-meta":"","adv-header-id-meta":"","stick-header-meta":"","header-above-stick-meta":"","header-main-stick-meta":"","header-below-stick-meta":"","astra-migrate-meta-layouts":"default","ast-page-background-enabled":"default","ast-page-background-meta":{"desktop":{"background-color":"var(--ast-global-color-4)","background-image":"","background-repeat":"repeat","background-position":"center center","background-size":"auto","background-attachment":"scroll","background-type":"","background-media":"","overlay-type":"","overlay-color":"","overlay-opacity":"","overlay-gradient":""},"tablet":{"background-color":"","background-image":"","background-repeat":"repeat","background-position":"center center","background-size":"auto","background-attachment":"scroll","background-type":"","background-media":"","overlay-type":"","overlay-color":"","overlay-opacity":"","overlay-gradient":""},"mobile":{"background-color":"","background-image":"","background-repeat":"repeat","background-position":"center center","background-size":"auto","background-attachment":"scroll","background-type":"","background-media":"","overlay-type":"","overlay-color":"","overlay-opacity":"","overlay-gradient":""}},"ast-content-background-meta":{"desktop":{"background-color":"var(--ast-global-color-5)","background-image":"","background-repeat":"repeat","background-position":"center center","background-size":"auto","background-attachment":"scroll","background-type":"","background-media":"","overlay-type":"","overlay-color":"","overlay-opacity":"","overlay-gradient":""},"tablet":{"background-color":"var(--ast-global-color-5)","background-image":"","background-repeat":"repeat","background-position":"center center","background-size":"auto","background-attachment":"scroll","background-type":"","background-media":"","overlay-type":"","overlay-color":"","overlay-opacity":"","overlay-gradient":""},"mobile":{"background-color":"var(--ast-global-color-5)","background-image":"","background-repeat":"repeat","background-position":"center center","background-size":"auto","background-attachment":"scroll","background-type":"","background-media":"","overlay-type":"","overlay-color":"","overlay-opacity":"","overlay-gradient":""}},"footnotes":""},"categories":[3,2,58,296],"tags":[338,75,283],"class_list":["post-24331","post","type-post","status-publish","format-standard","has-post-thumbnail","hentry","category-4t","category-infantil","category-musica","category-promocio-2019-32","tag-educacio-infantil","tag-musica","tag-p5"],"post_mailing_queue_ids":[],"_links":{"self":[{"href":"https:\/\/agora.xtec.cat\/iesantanna-premiadedalt\/wp-json\/wp\/v2\/posts\/24331","targetHints":{"allow":["GET"]}}],"collection":[{"href":"https:\/\/agora.xtec.cat\/iesantanna-premiadedalt\/wp-json\/wp\/v2\/posts"}],"about":[{"href":"https:\/\/agora.xtec.cat\/iesantanna-premiadedalt\/wp-json\/wp\/v2\/types\/post"}],"author":[{"embeddable":true,"href":"https:\/\/agora.xtec.cat\/iesantanna-premiadedalt\/wp-json\/wp\/v2\/users\/64"}],"replies":[{"embeddable":true,"href":"https:\/\/agora.xtec.cat\/iesantanna-premiadedalt\/wp-json\/wp\/v2\/comments?post=24331"}],"version-history":[{"count":1,"href":"https:\/\/agora.xtec.cat\/iesantanna-premiadedalt\/wp-json\/wp\/v2\/posts\/24331\/revisions"}],"predecessor-version":[{"id":24333,"href":"https:\/\/agora.xtec.cat\/iesantanna-premiadedalt\/wp-json\/wp\/v2\/posts\/24331\/revisions\/24333"}],"wp:featuredmedia":[{"embeddable":true,"href":"https:\/\/agora.xtec.cat\/iesantanna-premiadedalt\/wp-json\/wp\/v2\/media\/24332"}],"wp:attachment":[{"href":"https:\/\/agora.xtec.cat\/iesantanna-premiadedalt\/wp-json\/wp\/v2\/media?parent=24331"}],"wp:term":[{"taxonomy":"category","embeddable":true,"href":"https:\/\/agora.xtec.cat\/iesantanna-premiadedalt\/wp-json\/wp\/v2\/categories?post=24331"},{"taxonomy":"post_tag","embeddable":true,"href":"https:\/\/agora.xtec.cat\/iesantanna-premiadedalt\/wp-json\/wp\/v2\/tags?post=24331"}],"curies":[{"name":"wp","href":"https:\/\/api.w.org\/{rel}","templated":true}]}}