{"id":24039,"date":"2022-02-16T15:50:37","date_gmt":"2022-02-16T14:50:37","guid":{"rendered":"https:\/\/agora.xtec.cat\/iesantanna-premiadedalt\/?p=24039"},"modified":"2022-02-16T16:11:14","modified_gmt":"2022-02-16T15:11:14","slug":"obra-de-teatre-consequencies","status":"publish","type":"post","link":"https:\/\/agora.xtec.cat\/iesantanna-premiadedalt\/secundaria\/3r-eso\/obra-de-teatre-consequencies\/","title":{"rendered":"Obra de teatre: &#8220;Consequ\u00e8ncies&#8221;"},"content":{"rendered":"<p><span style=\"font-weight: 400;\">Introducci\u00f3: <\/span><span style=\"font-weight: 400;\">El dia 1\/2\/22 vam anar al teatre de la Massa (Vilassar de Dalt) a veure un espectacle, ens va agradar molt. Ara us explicarem una mica de qu\u00e8 anava i qu\u00e8 \u00e9s el que m\u00e9s ens va agradar.<\/span><\/p>\n<p><strong>Coses que m\u00e9s ens van agradar:<\/strong><\/p>\n<p><span style=\"font-weight: 400;\">A nosaltres ens va agradar tota l\u2019obra,\u00a0 per\u00f2 van haver coses que ens van agradar molt, com per exemple l\u2019inici perqu\u00e8 era molt realista i no semblava una obra de teatre, semblava que era alguna cosa de veritat. L\u2019obra tamb\u00e9 va ser molt xula i tenien moviments molt complicats per fer, com per exemple: hi havia persones que es pujaven a sobre d\u2019altres persones.<\/span><\/p>\n<p><strong>De qu\u00e8 anava?<\/strong><\/p>\n<p><span style=\"font-weight: 400;\">Una persona entrava al teatre y li deien que no, que no podia entrar. Despr\u00e9s quan ens vam seure va entrar. A aquell noi el volien fer fora del teatre, fins i tot deien de trucar a la policia. No marxava, es va posar a escoltar l&#8217;obra al terra i va escoltar soroll. Ell li deia als nens i nenes i als que actuaven all\u00e0 que pugessin i no escoltava res. Al final els actors si escoltaven i van comen\u00e7ar a ballar fent acrob\u00e0cies.<\/span><\/p>\n<p><strong>Text escrit per:<\/strong> Aitor Pach\u00f3n<\/p>\n<p><img loading=\"lazy\" decoding=\"async\" class=\"\" src=\"https:\/\/agora.xtec.cat\/iesantanna-premiadedalt\/wp-content\/uploads\/usu517\/2022\/02\/TEATRE-BARCELONA-C-_0020_consequencies.jpg\" width=\"274\" height=\"393\" \/><\/p>\n<p>&nbsp;<\/p>\n","protected":false},"excerpt":{"rendered":"<p>Introducci\u00f3: El dia 1\/2\/22 vam anar al teatre de la Massa (Vilassar de Dalt) a veure un espectacle, ens va agradar molt. Ara us explicarem una mica de qu\u00e8 anava i qu\u00e8 \u00e9s el que m\u00e9s ens va agradar. Coses que m\u00e9s ens van agradar: A nosaltres ens va agradar tota l\u2019obra,\u00a0 per\u00f2 van haver [&hellip;]<\/p>\n","protected":false},"author":71,"featured_media":24040,"comment_status":"open","ping_status":"closed","sticky":false,"template":"","format":"standard","meta":{"_bbp_topic_count":0,"_bbp_reply_count":0,"_bbp_total_topic_count":0,"_bbp_total_reply_count":0,"_bbp_voice_count":0,"_bbp_anonymous_reply_count":0,"_bbp_topic_count_hidden":0,"_bbp_reply_count_hidden":0,"_bbp_forum_subforum_count":0,"site-sidebar-layout":"default","site-content-layout":"","ast-site-content-layout":"","site-content-style":"default","site-sidebar-style":"default","ast-global-header-display":"","ast-banner-title-visibility":"","ast-main-header-display":"","ast-hfb-above-header-display":"","ast-hfb-below-header-display":"","ast-hfb-mobile-header-display":"","site-post-title":"","ast-breadcrumbs-content":"","ast-featured-img":"","footer-sml-layout":"","theme-transparent-header-meta":"","adv-header-id-meta":"","stick-header-meta":"","header-above-stick-meta":"","header-main-stick-meta":"","header-below-stick-meta":"","astra-migrate-meta-layouts":"default","ast-page-background-enabled":"default","ast-page-background-meta":{"desktop":{"background-color":"var(--ast-global-color-4)","background-image":"","background-repeat":"repeat","background-position":"center center","background-size":"auto","background-attachment":"scroll","background-type":"","background-media":"","overlay-type":"","overlay-color":"","overlay-opacity":"","overlay-gradient":""},"tablet":{"background-color":"","background-image":"","background-repeat":"repeat","background-position":"center center","background-size":"auto","background-attachment":"scroll","background-type":"","background-media":"","overlay-type":"","overlay-color":"","overlay-opacity":"","overlay-gradient":""},"mobile":{"background-color":"","background-image":"","background-repeat":"repeat","background-position":"center center","background-size":"auto","background-attachment":"scroll","background-type":"","background-media":"","overlay-type":"","overlay-color":"","overlay-opacity":"","overlay-gradient":""}},"ast-content-background-meta":{"desktop":{"background-color":"var(--ast-global-color-5)","background-image":"","background-repeat":"repeat","background-position":"center center","background-size":"auto","background-attachment":"scroll","background-type":"","background-media":"","overlay-type":"","overlay-color":"","overlay-opacity":"","overlay-gradient":""},"tablet":{"background-color":"var(--ast-global-color-5)","background-image":"","background-repeat":"repeat","background-position":"center center","background-size":"auto","background-attachment":"scroll","background-type":"","background-media":"","overlay-type":"","overlay-color":"","overlay-opacity":"","overlay-gradient":""},"mobile":{"background-color":"var(--ast-global-color-5)","background-image":"","background-repeat":"repeat","background-position":"center center","background-size":"auto","background-attachment":"scroll","background-type":"","background-media":"","overlay-type":"","overlay-color":"","overlay-opacity":"","overlay-gradient":""}},"footnotes":""},"categories":[12,250],"tags":[114],"class_list":["post-24039","post","type-post","status-publish","format-standard","has-post-thumbnail","hentry","category-3r-eso","category-promocio-2014-27","tag-teatre"],"post_mailing_queue_ids":[],"_links":{"self":[{"href":"https:\/\/agora.xtec.cat\/iesantanna-premiadedalt\/wp-json\/wp\/v2\/posts\/24039","targetHints":{"allow":["GET"]}}],"collection":[{"href":"https:\/\/agora.xtec.cat\/iesantanna-premiadedalt\/wp-json\/wp\/v2\/posts"}],"about":[{"href":"https:\/\/agora.xtec.cat\/iesantanna-premiadedalt\/wp-json\/wp\/v2\/types\/post"}],"author":[{"embeddable":true,"href":"https:\/\/agora.xtec.cat\/iesantanna-premiadedalt\/wp-json\/wp\/v2\/users\/71"}],"replies":[{"embeddable":true,"href":"https:\/\/agora.xtec.cat\/iesantanna-premiadedalt\/wp-json\/wp\/v2\/comments?post=24039"}],"version-history":[{"count":3,"href":"https:\/\/agora.xtec.cat\/iesantanna-premiadedalt\/wp-json\/wp\/v2\/posts\/24039\/revisions"}],"predecessor-version":[{"id":24044,"href":"https:\/\/agora.xtec.cat\/iesantanna-premiadedalt\/wp-json\/wp\/v2\/posts\/24039\/revisions\/24044"}],"wp:featuredmedia":[{"embeddable":true,"href":"https:\/\/agora.xtec.cat\/iesantanna-premiadedalt\/wp-json\/wp\/v2\/media\/24040"}],"wp:attachment":[{"href":"https:\/\/agora.xtec.cat\/iesantanna-premiadedalt\/wp-json\/wp\/v2\/media?parent=24039"}],"wp:term":[{"taxonomy":"category","embeddable":true,"href":"https:\/\/agora.xtec.cat\/iesantanna-premiadedalt\/wp-json\/wp\/v2\/categories?post=24039"},{"taxonomy":"post_tag","embeddable":true,"href":"https:\/\/agora.xtec.cat\/iesantanna-premiadedalt\/wp-json\/wp\/v2\/tags?post=24039"}],"curies":[{"name":"wp","href":"https:\/\/api.w.org\/{rel}","templated":true}]}}