{"id":22326,"date":"2020-11-25T18:50:28","date_gmt":"2020-11-25T17:50:28","guid":{"rendered":"http:\/\/agora.xtec.cat\/iesantanna-premiadedalt\/\/?p=22326"},"modified":"2026-02-04T11:54:14","modified_gmt":"2026-02-04T10:54:14","slug":"les-emocions-en-els-infants","status":"publish","type":"post","link":"https:\/\/agora.xtec.cat\/iesantanna-premiadedalt\/portada\/les-emocions-en-els-infants\/","title":{"rendered":"Les emocions en els infants"},"content":{"rendered":"<div class=\"vc_row wpb_row section vc_row-fluid \">\n<div class=\" full_section_inner clearfix\">\n<div class=\"wpb_column vc_column_container vc_col-sm-12\">\n<div class=\"vc_column-inner\">\n<div class=\"wpb_wrapper\">\n<div class=\"wpb_text_column wpb_content_element \">\n<div class=\"wpb_wrapper\">\n<p>Per a poder treballar l<span style=\"color: #000000;\"><strong>\u2019\u00a0<\/strong><\/span><b><span style=\"color: #000000;\">empatia<\/span>\u00a0<\/b>i desenvolupar la\u00a0<b>intel.lig\u00e8ncia emocional\u00a0<\/b>\u00e9s molt important ensenyar als m\u00e9s petits a trebalalr els<b>\u00a0sentiments.<\/b><\/p>\n<\/div>\n<\/div>\n<div class=\"vc_empty_space\"><\/div>\n<\/div>\n<\/div>\n<\/div>\n<\/div>\n<\/div>\n<div class=\"vc_row wpb_row section vc_row-fluid \">\n<div class=\" full_section_inner clearfix\">\n<div class=\"wpb_column vc_column_container vc_col-sm-12\">\n<div class=\"vc_column-inner\">\n<div class=\"wpb_wrapper\">\n<div class=\"wpb_text_column wpb_content_element \">\n<div class=\"wpb_wrapper\">\n<p><b>Les emocions\u00a0<\/b>s\u00f3n presents en totes les situacions de la vida, quan estem contents, tristos, sentim vergonya, nerviosisme \u2026. com a adults hem de facilitar als infants a recon\u00e8ixer-les, posar-hi nom, saber expressar all\u00f2 que sentim i a gestionar-les.<\/p>\n<\/div>\n<\/div>\n<div class=\"vc_empty_space\"><\/div>\n<\/div>\n<\/div>\n<\/div>\n<\/div>\n<\/div>\n<div class=\"vc_row wpb_row section vc_row-fluid \">\n<div class=\" full_section_inner clearfix\">\n<div class=\"wpb_column vc_column_container vc_col-sm-12\">\n<div class=\"vc_column-inner\">\n<div class=\"wpb_wrapper\">\n<div class=\"wpb_text_column wpb_content_element \">\n<div class=\"wpb_wrapper\">\n<p>Gr\u00e0cies al control de les nostres\u00a0<b>emocions\u00a0<\/b>aconseguim l\u2019equilibri que ens ajuda a seguir endavant i a fer front a qualsevol entrebanc.<\/p>\n<\/div>\n<\/div>\n<div class=\"vc_empty_space\"><\/div>\n<\/div>\n<\/div>\n<\/div>\n<\/div>\n<\/div>\n<div class=\"vc_row wpb_row section vc_row-fluid \">\n<div class=\" full_section_inner clearfix\">\n<div class=\"wpb_column vc_column_container vc_col-sm-12\">\n<div class=\"vc_column-inner\">\n<div class=\"wpb_wrapper\">\n<div class=\"wpb_text_column wpb_content_element \">\n<div class=\"wpb_wrapper\">\n<p>Si un infant, no sap distinguir les seves\u00a0<b>emocions<\/b>\u00a0i com gestionar-les, generalment soluciones els problemes amb enrabiades, frustaci\u00f3, plors, crits i exigint que se li concedeixi tot all\u00f2 que vol.<\/p>\n<p>Quan un nen \u00e9s capa\u00e7 de recon\u00e8ixer i expressar les\u00a0<b>emocions<\/b>\u00a0i els\u00a0<b>sentiments\u00a0<\/b>tamb\u00e9 mostra empatia amb la resta de persones i entrendres situacions que poden estar vivint els altres infants o persones.<\/p>\n<p>Des de l&#8217; aula d&#8217; educaci\u00f3 especial donem molta import\u00e0ncia a la gesti\u00f3 de les emocions i fem un treball sistem\u00e0tic amb els infants a partir de contes, pictogrames, hist\u00f2ries socials etc..<\/p>\n<\/div>\n<p>Tot seguit us enllacem un article que creiem pot resultar-vos molt interessant.<\/p>\n<\/div>\n<p>Blanca i N\u00faria.<\/p>\n<p><a href=\"https:\/\/natibergada.cat\/idees-clau-per-treballar-la-competencia-emocional\/\">https:\/\/natibergada.cat\/idees-clau-per-treballar-la-competencia-emocional\/<\/a><\/p>\n<p>&nbsp;<\/p>\n<div class=\"vc_empty_space\"><\/div>\n<\/div>\n<\/div>\n<\/div>\n<\/div>\n<\/div>\n","protected":false},"excerpt":{"rendered":"<p>Per a poder treballar l\u2019\u00a0empatia\u00a0i desenvolupar la\u00a0intel.lig\u00e8ncia emocional\u00a0\u00e9s molt important ensenyar als m\u00e9s petits a trebalalr els\u00a0sentiments. Les emocions\u00a0s\u00f3n presents en totes les situacions de la vida, quan estem contents, tristos, sentim vergonya, nerviosisme \u2026. com a adults hem de facilitar als infants a recon\u00e8ixer-les, posar-hi nom, saber expressar all\u00f2 que sentim i a gestionar-les. [&hellip;]<\/p>\n","protected":false},"author":74,"featured_media":0,"comment_status":"open","ping_status":"closed","sticky":false,"template":"","format":"standard","meta":{"_bbp_topic_count":0,"_bbp_reply_count":0,"_bbp_total_topic_count":0,"_bbp_total_reply_count":0,"_bbp_voice_count":0,"_bbp_anonymous_reply_count":0,"_bbp_topic_count_hidden":0,"_bbp_reply_count_hidden":0,"_bbp_forum_subforum_count":0,"site-sidebar-layout":"default","site-content-layout":"","ast-site-content-layout":"","site-content-style":"default","site-sidebar-style":"default","ast-global-header-display":"","ast-banner-title-visibility":"","ast-main-header-display":"","ast-hfb-above-header-display":"","ast-hfb-below-header-display":"","ast-hfb-mobile-header-display":"","site-post-title":"","ast-breadcrumbs-content":"","ast-featured-img":"","footer-sml-layout":"","theme-transparent-header-meta":"","adv-header-id-meta":"","stick-header-meta":"","header-above-stick-meta":"","header-main-stick-meta":"","header-below-stick-meta":"","astra-migrate-meta-layouts":"default","ast-page-background-enabled":"default","ast-page-background-meta":{"desktop":{"background-color":"var(--ast-global-color-4)","background-image":"","background-repeat":"repeat","background-position":"center center","background-size":"auto","background-attachment":"scroll","background-type":"","background-media":"","overlay-type":"","overlay-color":"","overlay-opacity":"","overlay-gradient":""},"tablet":{"background-color":"","background-image":"","background-repeat":"repeat","background-position":"center center","background-size":"auto","background-attachment":"scroll","background-type":"","background-media":"","overlay-type":"","overlay-color":"","overlay-opacity":"","overlay-gradient":""},"mobile":{"background-color":"","background-image":"","background-repeat":"repeat","background-position":"center center","background-size":"auto","background-attachment":"scroll","background-type":"","background-media":"","overlay-type":"","overlay-color":"","overlay-opacity":"","overlay-gradient":""}},"ast-content-background-meta":{"desktop":{"background-color":"var(--ast-global-color-5)","background-image":"","background-repeat":"repeat","background-position":"center center","background-size":"auto","background-attachment":"scroll","background-type":"","background-media":"","overlay-type":"","overlay-color":"","overlay-opacity":"","overlay-gradient":""},"tablet":{"background-color":"var(--ast-global-color-5)","background-image":"","background-repeat":"repeat","background-position":"center center","background-size":"auto","background-attachment":"scroll","background-type":"","background-media":"","overlay-type":"","overlay-color":"","overlay-opacity":"","overlay-gradient":""},"mobile":{"background-color":"var(--ast-global-color-5)","background-image":"","background-repeat":"repeat","background-position":"center center","background-size":"auto","background-attachment":"scroll","background-type":"","background-media":"","overlay-type":"","overlay-color":"","overlay-opacity":"","overlay-gradient":""}},"footnotes":""},"categories":[297,4],"tags":[],"class_list":["post-22326","post","type-post","status-publish","format-standard","hentry","category-ed-inclusiva","category-portada"],"post_mailing_queue_ids":[],"_links":{"self":[{"href":"https:\/\/agora.xtec.cat\/iesantanna-premiadedalt\/wp-json\/wp\/v2\/posts\/22326","targetHints":{"allow":["GET"]}}],"collection":[{"href":"https:\/\/agora.xtec.cat\/iesantanna-premiadedalt\/wp-json\/wp\/v2\/posts"}],"about":[{"href":"https:\/\/agora.xtec.cat\/iesantanna-premiadedalt\/wp-json\/wp\/v2\/types\/post"}],"author":[{"embeddable":true,"href":"https:\/\/agora.xtec.cat\/iesantanna-premiadedalt\/wp-json\/wp\/v2\/users\/74"}],"replies":[{"embeddable":true,"href":"https:\/\/agora.xtec.cat\/iesantanna-premiadedalt\/wp-json\/wp\/v2\/comments?post=22326"}],"version-history":[{"count":3,"href":"https:\/\/agora.xtec.cat\/iesantanna-premiadedalt\/wp-json\/wp\/v2\/posts\/22326\/revisions"}],"predecessor-version":[{"id":28767,"href":"https:\/\/agora.xtec.cat\/iesantanna-premiadedalt\/wp-json\/wp\/v2\/posts\/22326\/revisions\/28767"}],"wp:attachment":[{"href":"https:\/\/agora.xtec.cat\/iesantanna-premiadedalt\/wp-json\/wp\/v2\/media?parent=22326"}],"wp:term":[{"taxonomy":"category","embeddable":true,"href":"https:\/\/agora.xtec.cat\/iesantanna-premiadedalt\/wp-json\/wp\/v2\/categories?post=22326"},{"taxonomy":"post_tag","embeddable":true,"href":"https:\/\/agora.xtec.cat\/iesantanna-premiadedalt\/wp-json\/wp\/v2\/tags?post=22326"}],"curies":[{"name":"wp","href":"https:\/\/api.w.org\/{rel}","templated":true}]}}