{"id":21639,"date":"2020-06-23T14:45:36","date_gmt":"2020-06-23T12:45:36","guid":{"rendered":"http:\/\/agora.xtec.cat\/iesantanna-premiadedalt\/\/?p=21639"},"modified":"2020-06-23T14:45:36","modified_gmt":"2020-06-23T12:45:36","slug":"molt-bon-estiu","status":"publish","type":"post","link":"https:\/\/agora.xtec.cat\/iesantanna-premiadedalt\/secundaria\/3r-eso\/molt-bon-estiu\/","title":{"rendered":"Molt bon estiu!"},"content":{"rendered":"<p>El curs s\u2019ha acabat, i tot i que no hem pogut acomiadar-nos de vosaltres tal i com voldr\u00edem, us volem desitjar un bon estiu.<\/p>\n<p>Aprofiteu per riure, cridar, cantar, c\u00f2rrer, mullar-vos, descobrir coses noves o redescobrir coses que havieu oblidat&#8230; \u00a0en definitiva feu all\u00f2 que m\u00e9s us agrada amb les persones que us estimen!<\/p>\n<p>&nbsp;<\/p>\n<p>Ens acomiadem amb els vostres dibuixos \/ manualitats de l\u2019estiu que com sempre s\u00f3n fant\u00e0sticament sorprenents! Gr\u00e0cies !! ?<\/p>\n<p>&nbsp;<\/p>\n<p>Molt bon estiu de les vostres tutores!<\/p>\n<p>&nbsp;<\/p>\n<p>Cliqueu a la imatge per veure les vostres creacions! \u2b07<\/p>\n<p><a href=\"https:\/\/photos.app.goo.gl\/MjPfKpN7SdtjgRXu7\" data-wp-editing=\"1\"><img loading=\"lazy\" decoding=\"async\" class=\"size-large wp-image-21640 aligncenter\" src=\"https:\/\/agora.xtec.cat\/iesantanna-premiadedalt\/\/wp-content\/uploads\/usu517\/2020\/06\/56AA7443-8E7B-4D4F-97FA-B23A7FCFCAA8-1024x790.jpeg\" alt=\"\" width=\"1024\" height=\"790\" srcset=\"https:\/\/agora.xtec.cat\/iesantanna-premiadedalt\/wp-content\/uploads\/usu517\/2020\/06\/56AA7443-8E7B-4D4F-97FA-B23A7FCFCAA8-1024x790.jpeg 1024w, https:\/\/agora.xtec.cat\/iesantanna-premiadedalt\/wp-content\/uploads\/usu517\/2020\/06\/56AA7443-8E7B-4D4F-97FA-B23A7FCFCAA8-300x232.jpeg 300w, https:\/\/agora.xtec.cat\/iesantanna-premiadedalt\/wp-content\/uploads\/usu517\/2020\/06\/56AA7443-8E7B-4D4F-97FA-B23A7FCFCAA8-768x593.jpeg 768w, https:\/\/agora.xtec.cat\/iesantanna-premiadedalt\/wp-content\/uploads\/usu517\/2020\/06\/56AA7443-8E7B-4D4F-97FA-B23A7FCFCAA8.jpeg 1583w\" sizes=\"auto, (max-width: 1024px) 100vw, 1024px\" \/><\/a><\/p>\n<p>&nbsp;<\/p>\n","protected":false},"excerpt":{"rendered":"<p>El curs s\u2019ha acabat, i tot i que no hem pogut acomiadar-nos de vosaltres tal i com voldr\u00edem, us volem desitjar un bon estiu. Aprofiteu per riure, cridar, cantar, c\u00f2rrer, mullar-vos, descobrir coses noves o redescobrir coses que havieu oblidat&#8230; \u00a0en definitiva feu all\u00f2 que m\u00e9s us agrada amb les persones que us estimen! &nbsp; [&hellip;]<\/p>\n","protected":false},"author":1,"featured_media":21640,"comment_status":"open","ping_status":"closed","sticky":false,"template":"","format":"standard","meta":{"_bbp_topic_count":0,"_bbp_reply_count":0,"_bbp_total_topic_count":0,"_bbp_total_reply_count":0,"_bbp_voice_count":0,"_bbp_anonymous_reply_count":0,"_bbp_topic_count_hidden":0,"_bbp_reply_count_hidden":0,"_bbp_forum_subforum_count":0,"site-sidebar-layout":"default","site-content-layout":"","ast-site-content-layout":"","site-content-style":"default","site-sidebar-style":"default","ast-global-header-display":"","ast-banner-title-visibility":"","ast-main-header-display":"","ast-hfb-above-header-display":"","ast-hfb-below-header-display":"","ast-hfb-mobile-header-display":"","site-post-title":"","ast-breadcrumbs-content":"","ast-featured-img":"","footer-sml-layout":"","theme-transparent-header-meta":"","adv-header-id-meta":"","stick-header-meta":"","header-above-stick-meta":"","header-main-stick-meta":"","header-below-stick-meta":"","astra-migrate-meta-layouts":"default","ast-page-background-enabled":"default","ast-page-background-meta":{"desktop":{"background-color":"var(--ast-global-color-4)","background-image":"","background-repeat":"repeat","background-position":"center center","background-size":"auto","background-attachment":"scroll","background-type":"","background-media":"","overlay-type":"","overlay-color":"","overlay-opacity":"","overlay-gradient":""},"tablet":{"background-color":"","background-image":"","background-repeat":"repeat","background-position":"center center","background-size":"auto","background-attachment":"scroll","background-type":"","background-media":"","overlay-type":"","overlay-color":"","overlay-opacity":"","overlay-gradient":""},"mobile":{"background-color":"","background-image":"","background-repeat":"repeat","background-position":"center center","background-size":"auto","background-attachment":"scroll","background-type":"","background-media":"","overlay-type":"","overlay-color":"","overlay-opacity":"","overlay-gradient":""}},"ast-content-background-meta":{"desktop":{"background-color":"var(--ast-global-color-5)","background-image":"","background-repeat":"repeat","background-position":"center center","background-size":"auto","background-attachment":"scroll","background-type":"","background-media":"","overlay-type":"","overlay-color":"","overlay-opacity":"","overlay-gradient":""},"tablet":{"background-color":"var(--ast-global-color-5)","background-image":"","background-repeat":"repeat","background-position":"center center","background-size":"auto","background-attachment":"scroll","background-type":"","background-media":"","overlay-type":"","overlay-color":"","overlay-opacity":"","overlay-gradient":""},"mobile":{"background-color":"var(--ast-global-color-5)","background-image":"","background-repeat":"repeat","background-position":"center center","background-size":"auto","background-attachment":"scroll","background-type":"","background-media":"","overlay-type":"","overlay-color":"","overlay-opacity":"","overlay-gradient":""}},"footnotes":""},"categories":[12,250],"tags":[],"class_list":["post-21639","post","type-post","status-publish","format-standard","has-post-thumbnail","hentry","category-3r-eso","category-promocio-2014-27"],"post_mailing_queue_ids":[],"_links":{"self":[{"href":"https:\/\/agora.xtec.cat\/iesantanna-premiadedalt\/wp-json\/wp\/v2\/posts\/21639","targetHints":{"allow":["GET"]}}],"collection":[{"href":"https:\/\/agora.xtec.cat\/iesantanna-premiadedalt\/wp-json\/wp\/v2\/posts"}],"about":[{"href":"https:\/\/agora.xtec.cat\/iesantanna-premiadedalt\/wp-json\/wp\/v2\/types\/post"}],"author":[{"embeddable":true,"href":"https:\/\/agora.xtec.cat\/iesantanna-premiadedalt\/wp-json\/wp\/v2\/users\/1"}],"replies":[{"embeddable":true,"href":"https:\/\/agora.xtec.cat\/iesantanna-premiadedalt\/wp-json\/wp\/v2\/comments?post=21639"}],"version-history":[{"count":2,"href":"https:\/\/agora.xtec.cat\/iesantanna-premiadedalt\/wp-json\/wp\/v2\/posts\/21639\/revisions"}],"predecessor-version":[{"id":21642,"href":"https:\/\/agora.xtec.cat\/iesantanna-premiadedalt\/wp-json\/wp\/v2\/posts\/21639\/revisions\/21642"}],"wp:featuredmedia":[{"embeddable":true,"href":"https:\/\/agora.xtec.cat\/iesantanna-premiadedalt\/wp-json\/wp\/v2\/media\/21640"}],"wp:attachment":[{"href":"https:\/\/agora.xtec.cat\/iesantanna-premiadedalt\/wp-json\/wp\/v2\/media?parent=21639"}],"wp:term":[{"taxonomy":"category","embeddable":true,"href":"https:\/\/agora.xtec.cat\/iesantanna-premiadedalt\/wp-json\/wp\/v2\/categories?post=21639"},{"taxonomy":"post_tag","embeddable":true,"href":"https:\/\/agora.xtec.cat\/iesantanna-premiadedalt\/wp-json\/wp\/v2\/tags?post=21639"}],"curies":[{"name":"wp","href":"https:\/\/api.w.org\/{rel}","templated":true}]}}