{"id":19748,"date":"2020-03-02T13:14:45","date_gmt":"2020-03-02T12:14:45","guid":{"rendered":"http:\/\/agora.xtec.cat\/iesantanna-premiadedalt\/\/?p=19748"},"modified":"2020-03-02T13:15:28","modified_gmt":"2020-03-02T12:15:28","slug":"repassem-per-lexamen","status":"publish","type":"post","link":"https:\/\/agora.xtec.cat\/iesantanna-premiadedalt\/secundaria\/graduats2025\/repassem-per-lexamen\/","title":{"rendered":"Repassem per l&#8217;examen"},"content":{"rendered":"<p>Hola nens i nenes de 5\u00e8!<\/p>\n<p>Com hem quedat us deixo els enlla\u00e7os per treballar les dues audicions que entren a l&#8217;examen de dilluns 9 de mar\u00e7.<\/p>\n<p><strong>&#8220;En Pere i el llop&#8221; Prokofiev<\/strong><\/p>\n<p>El curtmetratge:<\/p>\n<div class=\"ast-oembed-container \" style=\"height: 100%;\"><iframe loading=\"lazy\" title=\"Pedro y el Lobo Cortometraje de animaci\u00f3n HD\" width=\"500\" height=\"281\" src=\"https:\/\/www.youtube.com\/embed\/n4BZu5RTCog?feature=oembed\" frameborder=\"0\" allow=\"accelerometer; autoplay; clipboard-write; encrypted-media; gyroscope; picture-in-picture; web-share\" referrerpolicy=\"strict-origin-when-cross-origin\" allowfullscreen><\/iframe><\/div>\n<p>Aqu\u00ed el v\u00eddeo on es veu l&#8217;orquestra i els instruments protagonistes:<\/p>\n<div class=\"ast-oembed-container \" style=\"height: 100%;\"><iframe loading=\"lazy\" title=\"Pedro y el Lobo\" width=\"500\" height=\"281\" src=\"https:\/\/www.youtube.com\/embed\/lcX8h5yfzPc?feature=oembed\" frameborder=\"0\" allow=\"accelerometer; autoplay; clipboard-write; encrypted-media; gyroscope; picture-in-picture; web-share\" referrerpolicy=\"strict-origin-when-cross-origin\" allowfullscreen><\/iframe><\/div>\n<p>Si cliqueu en aquest link trobareu unes targetes que relacionen el personatge i l&#8217;instrument.<\/p>\n<p><a href=\"https:\/\/drive.google.com\/file\/d\/1qSQ0lshlQimTe10P-yAmQDWMFZYECK8u\/view\">https:\/\/drive.google.com\/file\/d\/1qSQ0lshlQimTe10P-yAmQDWMFZYECK8u\/view<\/a><\/p>\n<p>&nbsp;<\/p>\n<p><strong>&#8220;La 9a simfonia de Beethoven&#8221; (Oda de l&#8217;alegria)<\/strong><\/p>\n<div class=\"ast-oembed-container \" style=\"height: 100%;\"><iframe loading=\"lazy\" title=\"Copying Beethoven\/cut HD - the best part of the movie\" width=\"500\" height=\"281\" src=\"https:\/\/www.youtube.com\/embed\/Xkj0TeZeZuo?start=805&#038;feature=oembed\" frameborder=\"0\" allow=\"accelerometer; autoplay; clipboard-write; encrypted-media; gyroscope; picture-in-picture; web-share\" referrerpolicy=\"strict-origin-when-cross-origin\" allowfullscreen><\/iframe><\/div>\n<p>Treballem i aprenem les notes de l&#8217;oda de l&#8217;alegria.<\/p>\n<p><a href=\"https:\/\/agora.xtec.cat\/iesantanna-premiadedalt\/\/wp-content\/uploads\/usu517\/2020\/03\/media-20160301.jpg\"><img loading=\"lazy\" decoding=\"async\" class=\"alignnone size-full wp-image-19751\" src=\"https:\/\/agora.xtec.cat\/iesantanna-premiadedalt\/\/wp-content\/uploads\/usu517\/2020\/03\/media-20160301.jpg\" alt=\"\" width=\"600\" height=\"428\" srcset=\"https:\/\/agora.xtec.cat\/iesantanna-premiadedalt\/wp-content\/uploads\/usu517\/2020\/03\/media-20160301.jpg 600w, https:\/\/agora.xtec.cat\/iesantanna-premiadedalt\/wp-content\/uploads\/usu517\/2020\/03\/media-20160301-300x214.jpg 300w\" sizes=\"auto, (max-width: 600px) 100vw, 600px\" \/><\/a><\/p>\n<p>&nbsp;<\/p>\n<p><!-- [if gte vml 1]><v:shapetype id=\"_x0000_t75\" coordsize=\"21600,21600\" o:spt=\"75\" o:preferrelative=\"t\" path=\"m@4@5l@4@11@9@11@9@5xe\" filled=\"f\" stroked=\"f\">\n<v:stroke joinstyle=\"miter\"\/>\n<v:formulas>\n<v:f eqn=\"if lineDrawn pixelLineWidth 0\"\/>\n<v:f eqn=\"sum @0 1 0\"\/>\n<v:f eqn=\"sum 0 0 @1\"\/>\n<v:f eqn=\"prod @2 1 2\"\/>\n<v:f eqn=\"prod @3 21600 pixelWidth\"\/>\n<v:f eqn=\"prod @3 21600 pixelHeight\"\/>\n<v:f eqn=\"sum @0 0 1\"\/>\n<v:f eqn=\"prod @6 1 2\"\/>\n<v:f eqn=\"prod @7 21600 pixelWidth\"\/>\n<v:f eqn=\"sum @8 21600 0\"\/>\n<v:f eqn=\"prod @7 21600 pixelHeight\"\/>\n<v:f eqn=\"sum @10 21600 0\"\/>\n<\/v:formulas>\n<v:path o:extrusionok=\"f\" gradientshapeok=\"t\" o:connecttype=\"rect\"\/>\n<o:lock v:ext=\"edit\" aspectratio=\"t\"\/>\n<\/v:shapetype><v:shape id=\"_x0000_s1026\" type=\"#_x0000_t75\" style='position:absolute; margin-left:158.55pt;margin-top:689.65pt;width:205.95pt;height:116.95pt; z-index:1'>\n<v:imagedata src=\"file:\/\/\/D:\\Temp\\msohtml1\\01\\clip_image001.png\" o:title=\"\" croptop=\"14675f\" cropbottom=\".25\" cropleft=\"16338f\" cropright=\"15522f\"\/>\n<w:wrap type=\"square\"\/>\n<\/v:shape><![endif]--><!-- [if !vml]--><!--[endif]--><\/p>\n","protected":false},"excerpt":{"rendered":"<p>Hola nens i nenes de 5\u00e8! Com hem quedat us deixo els enlla\u00e7os per treballar les dues audicions que entren a l&#8217;examen de dilluns 9 de mar\u00e7. &#8220;En Pere i el llop&#8221; Prokofiev El curtmetratge: Aqu\u00ed el v\u00eddeo on es veu l&#8217;orquestra i els instruments protagonistes: Si cliqueu en aquest link trobareu unes targetes que [&hellip;]<\/p>\n","protected":false},"author":1,"featured_media":19752,"comment_status":"open","ping_status":"closed","sticky":false,"template":"","format":"standard","meta":{"_bbp_topic_count":0,"_bbp_reply_count":0,"_bbp_total_topic_count":0,"_bbp_total_reply_count":0,"_bbp_voice_count":0,"_bbp_anonymous_reply_count":0,"_bbp_topic_count_hidden":0,"_bbp_reply_count_hidden":0,"_bbp_forum_subforum_count":0,"site-sidebar-layout":"default","site-content-layout":"","ast-site-content-layout":"","site-content-style":"default","site-sidebar-style":"default","ast-global-header-display":"","ast-banner-title-visibility":"","ast-main-header-display":"","ast-hfb-above-header-display":"","ast-hfb-below-header-display":"","ast-hfb-mobile-header-display":"","site-post-title":"","ast-breadcrumbs-content":"","ast-featured-img":"","footer-sml-layout":"","theme-transparent-header-meta":"","adv-header-id-meta":"","stick-header-meta":"","header-above-stick-meta":"","header-main-stick-meta":"","header-below-stick-meta":"","astra-migrate-meta-layouts":"default","ast-page-background-enabled":"default","ast-page-background-meta":{"desktop":{"background-color":"var(--ast-global-color-4)","background-image":"","background-repeat":"repeat","background-position":"center center","background-size":"auto","background-attachment":"scroll","background-type":"","background-media":"","overlay-type":"","overlay-color":"","overlay-opacity":"","overlay-gradient":""},"tablet":{"background-color":"","background-image":"","background-repeat":"repeat","background-position":"center center","background-size":"auto","background-attachment":"scroll","background-type":"","background-media":"","overlay-type":"","overlay-color":"","overlay-opacity":"","overlay-gradient":""},"mobile":{"background-color":"","background-image":"","background-repeat":"repeat","background-position":"center center","background-size":"auto","background-attachment":"scroll","background-type":"","background-media":"","overlay-type":"","overlay-color":"","overlay-opacity":"","overlay-gradient":""}},"ast-content-background-meta":{"desktop":{"background-color":"var(--ast-global-color-5)","background-image":"","background-repeat":"repeat","background-position":"center center","background-size":"auto","background-attachment":"scroll","background-type":"","background-media":"","overlay-type":"","overlay-color":"","overlay-opacity":"","overlay-gradient":""},"tablet":{"background-color":"var(--ast-global-color-5)","background-image":"","background-repeat":"repeat","background-position":"center center","background-size":"auto","background-attachment":"scroll","background-type":"","background-media":"","overlay-type":"","overlay-color":"","overlay-opacity":"","overlay-gradient":""},"mobile":{"background-color":"var(--ast-global-color-5)","background-image":"","background-repeat":"repeat","background-position":"center center","background-size":"auto","background-attachment":"scroll","background-type":"","background-media":"","overlay-type":"","overlay-color":"","overlay-opacity":"","overlay-gradient":""}},"footnotes":""},"categories":[14,58],"tags":[],"class_list":["post-19748","post","type-post","status-publish","format-standard","has-post-thumbnail","hentry","category-graduats2025","category-musica"],"post_mailing_queue_ids":[],"_links":{"self":[{"href":"https:\/\/agora.xtec.cat\/iesantanna-premiadedalt\/wp-json\/wp\/v2\/posts\/19748","targetHints":{"allow":["GET"]}}],"collection":[{"href":"https:\/\/agora.xtec.cat\/iesantanna-premiadedalt\/wp-json\/wp\/v2\/posts"}],"about":[{"href":"https:\/\/agora.xtec.cat\/iesantanna-premiadedalt\/wp-json\/wp\/v2\/types\/post"}],"author":[{"embeddable":true,"href":"https:\/\/agora.xtec.cat\/iesantanna-premiadedalt\/wp-json\/wp\/v2\/users\/1"}],"replies":[{"embeddable":true,"href":"https:\/\/agora.xtec.cat\/iesantanna-premiadedalt\/wp-json\/wp\/v2\/comments?post=19748"}],"version-history":[{"count":2,"href":"https:\/\/agora.xtec.cat\/iesantanna-premiadedalt\/wp-json\/wp\/v2\/posts\/19748\/revisions"}],"predecessor-version":[{"id":19754,"href":"https:\/\/agora.xtec.cat\/iesantanna-premiadedalt\/wp-json\/wp\/v2\/posts\/19748\/revisions\/19754"}],"wp:featuredmedia":[{"embeddable":true,"href":"https:\/\/agora.xtec.cat\/iesantanna-premiadedalt\/wp-json\/wp\/v2\/media\/19752"}],"wp:attachment":[{"href":"https:\/\/agora.xtec.cat\/iesantanna-premiadedalt\/wp-json\/wp\/v2\/media?parent=19748"}],"wp:term":[{"taxonomy":"category","embeddable":true,"href":"https:\/\/agora.xtec.cat\/iesantanna-premiadedalt\/wp-json\/wp\/v2\/categories?post=19748"},{"taxonomy":"post_tag","embeddable":true,"href":"https:\/\/agora.xtec.cat\/iesantanna-premiadedalt\/wp-json\/wp\/v2\/tags?post=19748"}],"curies":[{"name":"wp","href":"https:\/\/api.w.org\/{rel}","templated":true}]}}