{"id":19725,"date":"2020-02-27T21:04:51","date_gmt":"2020-02-27T20:04:51","guid":{"rendered":"http:\/\/agora.xtec.cat\/iesantanna-premiadedalt\/\/?p=19725"},"modified":"2020-04-27T08:05:56","modified_gmt":"2020-04-27T06:05:56","slug":"com-ens-agrada-el-carnaval","status":"publish","type":"post","link":"https:\/\/agora.xtec.cat\/iesantanna-premiadedalt\/secundaria\/graduats2025\/com-ens-agrada-el-carnaval\/","title":{"rendered":"Com ens agrada el Carnaval!!!"},"content":{"rendered":"<p>&nbsp;<\/p>\n<p style=\"text-align: justify;\">El dia de Carnaval ha estat un dia de festa a la nostra escola.<\/p>\n<p style=\"text-align: justify;\">Els nens i nenes de 5\u00e8 ens hem disfressat de &#8220;surferos&#8221; ja que aquest any, un dels nostres projectes ha estat sobre el Surf.<\/p>\n<p style=\"text-align: justify;\">Ens encanta treballar per projectes perqu\u00e8 cadasc\u00fa de nosaltres apr\u00e8n descobrint i participa activament en les diferents activitats. En aquesta ocasi\u00f3: &#8220;El CarnavaL&#8221;<\/p>\n<p>&nbsp;<\/p>\n<p>Si voleu veure m\u00e9s fotos, cliqueu a la seg\u00fcent imatge<\/p>\n<p><a href=\"https:\/\/photos.app.goo.gl\/QEnMukqRH4RaMpZW7\"><img loading=\"lazy\" decoding=\"async\" class=\"aligncenter\" src=\"https:\/\/lh3.googleusercontent.com\/CNj4gLBipGpW3m9jlW54M90ULEZ2jphAgMZrVovoDEwgIt9fY902uZ28pq7dxqX_YX-6a5p1Q5PP7plOYeTPfAIaZPmTKsa1jdwAvapPLjmypqH15t_hfg74KZCLqHcRfDOxrtCFhhG2bfBIPP5SGzDRBVs4NhIYWNOvSP7tjG1VxmnM9CeLtO6lH_PiWUGz_v2bxXPULNJDQRy4WqLRTBvu2BdkS7-AZ2-KzqcyhqrVoyBiSPippUvw_IIxrIWG9r84OfroterJRqDjeWpih7WUdwjJ4sxIMuDzHYlgpt97RWRVJrDH_gcOPjsCam9G2eyZesFwDtFETjg8yYkwbHHyNDHnJQurONRkLGxxVuGPjdct36BTC7eNlsMokxP1jbXB4H5OUBDyRuRVJtLsmSqGrXBZvt0sLgm2sOK3lnqXIjzVT3a5fkwVNsy2h6dkYDWbceGZMtepUyROeLA0avTMedartVeFrW7P7o-XMJdLWoRmErhK2UhIutHu9pc5X0aTAxY8D2yTkOlbQRR-EI1wynXl1PnYp-2VMRcSzaObNHl0PqaIHttQEP5r_7_MDowrVBX6X5W-CvhD31PPtUIR3dFMDtMQUxA2vi0Iv66gOGOLeJCMM1jwJKMzHVMyDcShOirUacKNqqPRv_F14MipwQY6aAjEeFDuGTzbQm3gTWhp8eylO-IoiJxoB9DX28esRl-HTsO8nV4woEJAgxigIHshlHHHbh2fVq2tEkSPNsN-=w1098-h823-no\" alt=\"\" width=\"474\" height=\"355\" \/><\/a><\/p>\n<p>&nbsp;<\/p>\n<p>&nbsp;<\/p>\n<p>&nbsp;<\/p>\n<p>&nbsp;<\/p>\n<p>&nbsp;<\/p>\n<p>&nbsp;<\/p>\n<p>&nbsp;<\/p>\n<p>&nbsp;<\/p>\n","protected":false},"excerpt":{"rendered":"<p>&nbsp; El dia de Carnaval ha estat un dia de festa a la nostra escola. Els nens i nenes de 5\u00e8 ens hem disfressat de &#8220;surferos&#8221; ja que aquest any, un dels nostres projectes ha estat sobre el Surf. Ens encanta treballar per projectes perqu\u00e8 cadasc\u00fa de nosaltres apr\u00e8n descobrint i participa activament en les [&hellip;]<\/p>\n","protected":false},"author":1,"featured_media":0,"comment_status":"open","ping_status":"closed","sticky":false,"template":"","format":"standard","meta":{"_bbp_topic_count":0,"_bbp_reply_count":0,"_bbp_total_topic_count":0,"_bbp_total_reply_count":0,"_bbp_voice_count":0,"_bbp_anonymous_reply_count":0,"_bbp_topic_count_hidden":0,"_bbp_reply_count_hidden":0,"_bbp_forum_subforum_count":0,"site-sidebar-layout":"default","site-content-layout":"","ast-site-content-layout":"","site-content-style":"default","site-sidebar-style":"default","ast-global-header-display":"","ast-banner-title-visibility":"","ast-main-header-display":"","ast-hfb-above-header-display":"","ast-hfb-below-header-display":"","ast-hfb-mobile-header-display":"","site-post-title":"","ast-breadcrumbs-content":"","ast-featured-img":"","footer-sml-layout":"","theme-transparent-header-meta":"","adv-header-id-meta":"","stick-header-meta":"","header-above-stick-meta":"","header-main-stick-meta":"","header-below-stick-meta":"","astra-migrate-meta-layouts":"default","ast-page-background-enabled":"default","ast-page-background-meta":{"desktop":{"background-color":"var(--ast-global-color-4)","background-image":"","background-repeat":"repeat","background-position":"center center","background-size":"auto","background-attachment":"scroll","background-type":"","background-media":"","overlay-type":"","overlay-color":"","overlay-opacity":"","overlay-gradient":""},"tablet":{"background-color":"","background-image":"","background-repeat":"repeat","background-position":"center center","background-size":"auto","background-attachment":"scroll","background-type":"","background-media":"","overlay-type":"","overlay-color":"","overlay-opacity":"","overlay-gradient":""},"mobile":{"background-color":"","background-image":"","background-repeat":"repeat","background-position":"center center","background-size":"auto","background-attachment":"scroll","background-type":"","background-media":"","overlay-type":"","overlay-color":"","overlay-opacity":"","overlay-gradient":""}},"ast-content-background-meta":{"desktop":{"background-color":"var(--ast-global-color-5)","background-image":"","background-repeat":"repeat","background-position":"center center","background-size":"auto","background-attachment":"scroll","background-type":"","background-media":"","overlay-type":"","overlay-color":"","overlay-opacity":"","overlay-gradient":""},"tablet":{"background-color":"var(--ast-global-color-5)","background-image":"","background-repeat":"repeat","background-position":"center center","background-size":"auto","background-attachment":"scroll","background-type":"","background-media":"","overlay-type":"","overlay-color":"","overlay-opacity":"","overlay-gradient":""},"mobile":{"background-color":"var(--ast-global-color-5)","background-image":"","background-repeat":"repeat","background-position":"center center","background-size":"auto","background-attachment":"scroll","background-type":"","background-media":"","overlay-type":"","overlay-color":"","overlay-opacity":"","overlay-gradient":""}},"footnotes":""},"categories":[64,14],"tags":[],"class_list":["post-19725","post","type-post","status-publish","format-standard","hentry","category-carnestoltes","category-graduats2025"],"post_mailing_queue_ids":[],"_links":{"self":[{"href":"https:\/\/agora.xtec.cat\/iesantanna-premiadedalt\/wp-json\/wp\/v2\/posts\/19725","targetHints":{"allow":["GET"]}}],"collection":[{"href":"https:\/\/agora.xtec.cat\/iesantanna-premiadedalt\/wp-json\/wp\/v2\/posts"}],"about":[{"href":"https:\/\/agora.xtec.cat\/iesantanna-premiadedalt\/wp-json\/wp\/v2\/types\/post"}],"author":[{"embeddable":true,"href":"https:\/\/agora.xtec.cat\/iesantanna-premiadedalt\/wp-json\/wp\/v2\/users\/1"}],"replies":[{"embeddable":true,"href":"https:\/\/agora.xtec.cat\/iesantanna-premiadedalt\/wp-json\/wp\/v2\/comments?post=19725"}],"version-history":[{"count":3,"href":"https:\/\/agora.xtec.cat\/iesantanna-premiadedalt\/wp-json\/wp\/v2\/posts\/19725\/revisions"}],"predecessor-version":[{"id":20741,"href":"https:\/\/agora.xtec.cat\/iesantanna-premiadedalt\/wp-json\/wp\/v2\/posts\/19725\/revisions\/20741"}],"wp:attachment":[{"href":"https:\/\/agora.xtec.cat\/iesantanna-premiadedalt\/wp-json\/wp\/v2\/media?parent=19725"}],"wp:term":[{"taxonomy":"category","embeddable":true,"href":"https:\/\/agora.xtec.cat\/iesantanna-premiadedalt\/wp-json\/wp\/v2\/categories?post=19725"},{"taxonomy":"post_tag","embeddable":true,"href":"https:\/\/agora.xtec.cat\/iesantanna-premiadedalt\/wp-json\/wp\/v2\/tags?post=19725"}],"curies":[{"name":"wp","href":"https:\/\/api.w.org\/{rel}","templated":true}]}}