{"id":19663,"date":"2020-02-19T11:47:06","date_gmt":"2020-02-19T10:47:06","guid":{"rendered":"http:\/\/agora.xtec.cat\/iesantanna-premiadedalt\/\/?p=19663"},"modified":"2020-03-24T16:18:02","modified_gmt":"2020-03-24T15:18:02","slug":"cantania-virtual","status":"publish","type":"post","link":"https:\/\/agora.xtec.cat\/iesantanna-premiadedalt\/secundaria\/4t-eso\/cantania-virtual\/","title":{"rendered":"Cant\u00e0nia Virtual en confinament"},"content":{"rendered":"<p>Nens i nenes de 4t,<\/p>\n<p>De moment la nostra cant\u00e0nia fins que no ens diguin el contrari segueix endavant, per tant hem de <strong>treballar des de casa s\u00ed o s\u00ed.<\/strong><\/p>\n<p>Per ajudar-vos us he gravat les can\u00e7ons amb la meva veu a sobre perqu\u00e8 no us feu embolics.<\/p>\n<p>Encara no poso la can\u00e7\u00f3 num.7 ni les coreografies. Les posar\u00e9 una mica m\u00e9s endavant. De moment teniu feina per fer.<\/p>\n<p>Quan tornem a veure&#8217;ns han d&#8217;estar apreses de mem\u00f2ria.<\/p>\n<p><strong>LLIBRET AMB LES LLETRES DE LA CANT\u00c0NIA:<\/strong><\/p>\n<p><a href=\"https:\/\/agora.xtec.cat\/iesantanna-premiadedalt\/\/wp-content\/uploads\/usu517\/2020\/02\/VIRTUAL-partitura-vocal-2.pdf\">VIRTUAL &#8211; partitura vocal<\/a><\/p>\n<p>&nbsp;<\/p>\n<p><strong>2. EL M\u00d3N DIGITAL<\/strong><\/p>\n<ul>\n<li>Clica a El m\u00f3n digital per escoltar la can\u00e7\u00f3 amb la meva veu a sobre<\/li>\n<\/ul>\n<p><a href=\"https:\/\/agora.xtec.cat\/iesantanna-premiadedalt\/\/wp-content\/uploads\/usu517\/2020\/02\/0.2-EL-M\u00d3N-DIGITAL.mp3\">0.2 EL M\u00d3N DIGITAL<\/a><\/p>\n<ul>\n<li>\u00a0Repassa-la sense la meva veu:<\/li>\n<\/ul>\n<div class=\"ast-oembed-container \" style=\"height: 100%;\"><iframe loading=\"lazy\" title=\"CANT\u00c0NIA 2020: VIRTU@L. 02 El m\u00f3n digital.\" width=\"500\" height=\"281\" src=\"https:\/\/www.youtube.com\/embed\/1-g1iGWYk78?feature=oembed\" frameborder=\"0\" allow=\"accelerometer; autoplay; clipboard-write; encrypted-media; gyroscope; picture-in-picture; web-share\" referrerpolicy=\"strict-origin-when-cross-origin\" allowfullscreen><\/iframe><\/div>\n<ul>\n<li>Canta-la sense ajuda, nom\u00e9s amb la base instrumental:<\/li>\n<\/ul>\n<div class=\"ast-oembed-container \" style=\"height: 100%;\"><iframe loading=\"lazy\" title=\"CANT\u00c0NIA 2020: VIRTU@L. 02 El m\u00f3n digital. INSTRUMENTAL\" width=\"500\" height=\"281\" src=\"https:\/\/www.youtube.com\/embed\/mnc2KgTL9KE?feature=oembed\" frameborder=\"0\" allow=\"accelerometer; autoplay; clipboard-write; encrypted-media; gyroscope; picture-in-picture; web-share\" referrerpolicy=\"strict-origin-when-cross-origin\" allowfullscreen><\/iframe><\/div>\n<p><strong>3. EL BLUES D&#8217;EN MARCEL<\/strong><\/p>\n<ul>\n<li>Clica a El blues d&#8217;en Marcel per escoltar la can\u00e7\u00f3 amb la meva veu a sobre<\/li>\n<\/ul>\n<p><a href=\"https:\/\/agora.xtec.cat\/iesantanna-premiadedalt\/\/wp-content\/uploads\/usu517\/2020\/02\/0.3-EL-BLUES-DEL-MARCEL.mp3\">0.3-EL-BLUES-DEL-MARCEL<\/a><\/p>\n<ul>\n<li>Repassa-la sense la meva veu:<\/li>\n<\/ul>\n<div class=\"ast-oembed-container \" style=\"height: 100%;\"><iframe loading=\"lazy\" title=\"CANT\u00c0NIA 2020: VIRTUAL. 03 El blues d&#039;en Marcel\" width=\"500\" height=\"281\" src=\"https:\/\/www.youtube.com\/embed\/cJmxwyLbUnA?feature=oembed\" frameborder=\"0\" allow=\"accelerometer; autoplay; clipboard-write; encrypted-media; gyroscope; picture-in-picture; web-share\" referrerpolicy=\"strict-origin-when-cross-origin\" allowfullscreen><\/iframe><\/div>\n<ul>\n<li>Canta-la sense ajuda, nom\u00e9s amb la base instrumental:<\/li>\n<\/ul>\n<div class=\"ast-oembed-container \" style=\"height: 100%;\"><iframe loading=\"lazy\" title=\"CANT\u00c0NIA 2020: VIRTUAL. 03  El blues d&#039;en Marcel INSTRUMENTAL\" width=\"500\" height=\"281\" src=\"https:\/\/www.youtube.com\/embed\/UqvWXdQIUNc?feature=oembed\" frameborder=\"0\" allow=\"accelerometer; autoplay; clipboard-write; encrypted-media; gyroscope; picture-in-picture; web-share\" referrerpolicy=\"strict-origin-when-cross-origin\" allowfullscreen><\/iframe><\/div>\n<p>&nbsp;<\/p>\n<p><strong>4. LA CREACI\u00d3 DE LA SARA<\/strong><\/p>\n<ul>\n<li>Clica a La creaci\u00f3 de la Sara per escoltar la can\u00e7\u00f3 amb la meva veu a sobre:<\/li>\n<\/ul>\n<p><a href=\"https:\/\/agora.xtec.cat\/iesantanna-premiadedalt\/\/wp-content\/uploads\/usu517\/2020\/02\/0.4-LA-CREACI\u00d3-DE-LA-SARA.mp3\">0.4-LA-CREACI\u00d3-DE-LA-SARA<\/a><\/p>\n<ul>\n<li>Repassa-la sense la meva veu:<\/li>\n<\/ul>\n<div class=\"ast-oembed-container \" style=\"height: 100%;\"><iframe loading=\"lazy\" title=\"04. LA CREACI\u00d3 DE LA SARA. CANT\u00c0NIA 2020.VIRTU@L\" width=\"500\" height=\"281\" src=\"https:\/\/www.youtube.com\/embed\/5mi5yDLzT68?feature=oembed\" frameborder=\"0\" allow=\"accelerometer; autoplay; clipboard-write; encrypted-media; gyroscope; picture-in-picture; web-share\" referrerpolicy=\"strict-origin-when-cross-origin\" allowfullscreen><\/iframe><\/div>\n<ul>\n<li>Canta-la sense ajuda, nom\u00e9s amb la base instrumental:<\/li>\n<\/ul>\n<div class=\"ast-oembed-container \" style=\"height: 100%;\"><iframe loading=\"lazy\" title=\"04.LA CREACI\u00d3 DE LA SARA. INSTRUMENTAL.CANT\u00c0NIA2020.VIRTU@L\" width=\"500\" height=\"281\" src=\"https:\/\/www.youtube.com\/embed\/2V9oEBI8-jY?start=1&#038;feature=oembed\" frameborder=\"0\" allow=\"accelerometer; autoplay; clipboard-write; encrypted-media; gyroscope; picture-in-picture; web-share\" referrerpolicy=\"strict-origin-when-cross-origin\" allowfullscreen><\/iframe><\/div>\n<p><strong>5. TOT EL QUE JO PUC FER PER TU<\/strong><\/p>\n<ul>\n<li>Clica a Tot el que jo puc fer per tu, per escoltar la can\u00e7\u00f3 amb la meva veu a sobre:<\/li>\n<\/ul>\n<p><a href=\"https:\/\/agora.xtec.cat\/iesantanna-premiadedalt\/\/wp-content\/uploads\/usu517\/2020\/02\/0.5-TOT-EL-QUE-JO-PUC-FER-PER-TU.mp3\">0.5-TOT-EL-QUE-JO-PUC-FER-PER-TU<\/a><\/p>\n<ul>\n<li>Repassa-la sense la meva veu:<\/li>\n<\/ul>\n<div class=\"ast-oembed-container \" style=\"height: 100%;\"><iframe loading=\"lazy\" title=\"05  .TOT EL QUE JO PUC FER PER TU. CANT\u00c0NIA 2020. VIRTU@L\" width=\"500\" height=\"281\" src=\"https:\/\/www.youtube.com\/embed\/WcG7rr8R0WU?feature=oembed\" frameborder=\"0\" allow=\"accelerometer; autoplay; clipboard-write; encrypted-media; gyroscope; picture-in-picture; web-share\" referrerpolicy=\"strict-origin-when-cross-origin\" allowfullscreen><\/iframe><\/div>\n<ul>\n<li>Canta-la sense ajuda, nom\u00e9s amb la base instrumental:<\/li>\n<\/ul>\n<div class=\"ast-oembed-container \" style=\"height: 100%;\"><iframe loading=\"lazy\" title=\"05  .TOT EL QUE JO PUC FER PER TU. INSTRUMENTAL. CANT\u00c0NIA 2020. VIRTU@L\" width=\"500\" height=\"281\" src=\"https:\/\/www.youtube.com\/embed\/LHpuMiB6SFw?start=11&#038;feature=oembed\" frameborder=\"0\" allow=\"accelerometer; autoplay; clipboard-write; encrypted-media; gyroscope; picture-in-picture; web-share\" referrerpolicy=\"strict-origin-when-cross-origin\" allowfullscreen><\/iframe><\/div>\n<p><strong>6. CORRE, SALTA<\/strong><\/p>\n<ul>\n<li>Clica a Corre, salta per escoltar la can\u00e7\u00f3 amb la meva veu a sobre:<\/li>\n<\/ul>\n<p><a href=\"https:\/\/agora.xtec.cat\/iesantanna-premiadedalt\/\/wp-content\/uploads\/usu517\/2020\/02\/0.6-CORRE-SALTA.mp3\">0.6-CORRE-SALTA<\/a><\/p>\n<ul>\n<li>Repassa-la sense la meva veu:<\/li>\n<\/ul>\n<div class=\"ast-oembed-container \" style=\"height: 100%;\"><iframe loading=\"lazy\" title=\"CANT\u00c0NIA 2020: VIRTU@L. 06  Corre, salta.\" width=\"500\" height=\"281\" src=\"https:\/\/www.youtube.com\/embed\/e6Qs32fs7PE?feature=oembed\" frameborder=\"0\" allow=\"accelerometer; autoplay; clipboard-write; encrypted-media; gyroscope; picture-in-picture; web-share\" referrerpolicy=\"strict-origin-when-cross-origin\" allowfullscreen><\/iframe><\/div>\n<ul>\n<li>Canta-la sense ajuda, nom\u00e9s amb la base instrumental:<\/li>\n<\/ul>\n<div class=\"ast-oembed-container \" style=\"height: 100%;\"><iframe loading=\"lazy\" title=\"CANT\u00c0NIA 2020: VIRTU@L. 06 Corre, salta. INSTRUMENTAL.\" width=\"500\" height=\"281\" src=\"https:\/\/www.youtube.com\/embed\/ve6vXQpTnxA?feature=oembed\" frameborder=\"0\" allow=\"accelerometer; autoplay; clipboard-write; encrypted-media; gyroscope; picture-in-picture; web-share\" referrerpolicy=\"strict-origin-when-cross-origin\" allowfullscreen><\/iframe><\/div>\n<p><strong>8.LA PLUJA<\/strong><\/p>\n<ul>\n<li>Clica a La pluja per escoltar la can\u00e7\u00f3 amb la meva veu a sobre:<\/li>\n<\/ul>\n<p><a href=\"https:\/\/agora.xtec.cat\/iesantanna-premiadedalt\/\/wp-content\/uploads\/usu517\/2020\/02\/0.8-LA-PLUJA.mp3\">0.8-LA-PLUJA<\/a><\/p>\n<ul>\n<li>Repassa-la sense la meva veu:<\/li>\n<\/ul>\n<div class=\"ast-oembed-container \" style=\"height: 100%;\"><iframe loading=\"lazy\" title=\"CANT\u00c0NIA 2020: VIRTUAL. 08 La pluja\" width=\"500\" height=\"281\" src=\"https:\/\/www.youtube.com\/embed\/b92Lhh5qe6M?feature=oembed\" frameborder=\"0\" allow=\"accelerometer; autoplay; clipboard-write; encrypted-media; gyroscope; picture-in-picture; web-share\" referrerpolicy=\"strict-origin-when-cross-origin\" allowfullscreen><\/iframe><\/div>\n<ul>\n<li>Canta-la sense ajuda, nom\u00e9s amb la base instrumental:<\/li>\n<\/ul>\n<div class=\"ast-oembed-container \" style=\"height: 100%;\"><iframe loading=\"lazy\" title=\"CANT\u00c0NIA 2020: VIRTUAL. 08 La pluja INSTRUMENTAL\" width=\"500\" height=\"281\" src=\"https:\/\/www.youtube.com\/embed\/4yiPc_phSKM?start=2&#038;feature=oembed\" frameborder=\"0\" allow=\"accelerometer; autoplay; clipboard-write; encrypted-media; gyroscope; picture-in-picture; web-share\" referrerpolicy=\"strict-origin-when-cross-origin\" allowfullscreen><\/iframe><\/div>\n<p><strong>10.ADEU:<\/strong><\/p>\n<ul>\n<li>Clica a Adeu per escoltar la can\u00e7\u00f3 amb la meva veu a sobre:<\/li>\n<\/ul>\n<p><a href=\"https:\/\/agora.xtec.cat\/iesantanna-premiadedalt\/\/wp-content\/uploads\/usu517\/2020\/02\/10.-ADEU.mp3\">10.-ADEU<\/a><\/p>\n<ul>\n<li>Repassa-la sense la meva veu:<\/li>\n<\/ul>\n<div class=\"ast-oembed-container \" style=\"height: 100%;\"><iframe loading=\"lazy\" title=\"10. ADEU. Cant\u00e0nia 2020. Virtu@l\" width=\"500\" height=\"281\" src=\"https:\/\/www.youtube.com\/embed\/2652nPIK5N4?feature=oembed\" frameborder=\"0\" allow=\"accelerometer; autoplay; clipboard-write; encrypted-media; gyroscope; picture-in-picture; web-share\" referrerpolicy=\"strict-origin-when-cross-origin\" allowfullscreen><\/iframe><\/div>\n<ul>\n<li>Canta-la sense ajuda, nom\u00e9s amb la base instrumental:<\/li>\n<\/ul>\n<div class=\"ast-oembed-container \" style=\"height: 100%;\"><iframe loading=\"lazy\" title=\"10 ADEU. INSTRUMENTAL.CANT\u00c0NIA 2020. VIRTU@L.\" width=\"500\" height=\"281\" src=\"https:\/\/www.youtube.com\/embed\/viF9TOC6VVo?start=1&#038;feature=oembed\" frameborder=\"0\" allow=\"accelerometer; autoplay; clipboard-write; encrypted-media; gyroscope; picture-in-picture; web-share\" referrerpolicy=\"strict-origin-when-cross-origin\" allowfullscreen><\/iframe><\/div>\n<p><strong>11. FINAL<\/strong><\/p>\n<ul>\n<li>Clica a Final per escoltar la can\u00e7\u00f3 amb la meva veu a sobre:<\/li>\n<\/ul>\n<p><a href=\"https:\/\/agora.xtec.cat\/iesantanna-premiadedalt\/\/wp-content\/uploads\/usu517\/2020\/02\/11.-FINAL.mp3\">11.-FINAL<\/a><\/p>\n<ul>\n<li>Repassa-la sense la meva veu:<\/li>\n<\/ul>\n<div class=\"ast-oembed-container \" style=\"height: 100%;\"><iframe loading=\"lazy\" title=\"CANT\u00c0NIA 2020: VIRTU@L. 11 Final\" width=\"500\" height=\"281\" src=\"https:\/\/www.youtube.com\/embed\/uUPCxOChTes?feature=oembed\" frameborder=\"0\" allow=\"accelerometer; autoplay; clipboard-write; encrypted-media; gyroscope; picture-in-picture; web-share\" referrerpolicy=\"strict-origin-when-cross-origin\" allowfullscreen><\/iframe><\/div>\n<ul>\n<li>Canta-la sense ajuda, nom\u00e9s amb la base instrumental:<\/li>\n<\/ul>\n<div class=\"ast-oembed-container \" style=\"height: 100%;\"><iframe loading=\"lazy\" title=\"CANT\u00c0NIA 2020: VIRTU@L. 11  Final INSTRUMENTAL.\" width=\"500\" height=\"281\" src=\"https:\/\/www.youtube.com\/embed\/MegrHhGB1fs?start=1&#038;feature=oembed\" frameborder=\"0\" allow=\"accelerometer; autoplay; clipboard-write; encrypted-media; gyroscope; picture-in-picture; web-share\" referrerpolicy=\"strict-origin-when-cross-origin\" allowfullscreen><\/iframe><\/div>\n","protected":false},"excerpt":{"rendered":"<p>Les can\u00e7ons de Cant\u00e0nia per treballar<\/p>\n","protected":false},"author":1,"featured_media":19666,"comment_status":"open","ping_status":"closed","sticky":false,"template":"","format":"standard","meta":{"_bbp_topic_count":0,"_bbp_reply_count":0,"_bbp_total_topic_count":0,"_bbp_total_reply_count":0,"_bbp_voice_count":0,"_bbp_anonymous_reply_count":0,"_bbp_topic_count_hidden":0,"_bbp_reply_count_hidden":0,"_bbp_forum_subforum_count":0,"site-sidebar-layout":"default","site-content-layout":"","ast-site-content-layout":"","site-content-style":"default","site-sidebar-style":"default","ast-global-header-display":"","ast-banner-title-visibility":"","ast-main-header-display":"","ast-hfb-above-header-display":"","ast-hfb-below-header-display":"","ast-hfb-mobile-header-display":"","site-post-title":"","ast-breadcrumbs-content":"","ast-featured-img":"","footer-sml-layout":"","theme-transparent-header-meta":"","adv-header-id-meta":"","stick-header-meta":"","header-above-stick-meta":"","header-main-stick-meta":"","header-below-stick-meta":"","astra-migrate-meta-layouts":"default","ast-page-background-enabled":"default","ast-page-background-meta":{"desktop":{"background-color":"var(--ast-global-color-4)","background-image":"","background-repeat":"repeat","background-position":"center center","background-size":"auto","background-attachment":"scroll","background-type":"","background-media":"","overlay-type":"","overlay-color":"","overlay-opacity":"","overlay-gradient":""},"tablet":{"background-color":"","background-image":"","background-repeat":"repeat","background-position":"center center","background-size":"auto","background-attachment":"scroll","background-type":"","background-media":"","overlay-type":"","overlay-color":"","overlay-opacity":"","overlay-gradient":""},"mobile":{"background-color":"","background-image":"","background-repeat":"repeat","background-position":"center center","background-size":"auto","background-attachment":"scroll","background-type":"","background-media":"","overlay-type":"","overlay-color":"","overlay-opacity":"","overlay-gradient":""}},"ast-content-background-meta":{"desktop":{"background-color":"var(--ast-global-color-5)","background-image":"","background-repeat":"repeat","background-position":"center center","background-size":"auto","background-attachment":"scroll","background-type":"","background-media":"","overlay-type":"","overlay-color":"","overlay-opacity":"","overlay-gradient":""},"tablet":{"background-color":"var(--ast-global-color-5)","background-image":"","background-repeat":"repeat","background-position":"center center","background-size":"auto","background-attachment":"scroll","background-type":"","background-media":"","overlay-type":"","overlay-color":"","overlay-opacity":"","overlay-gradient":""},"mobile":{"background-color":"var(--ast-global-color-5)","background-image":"","background-repeat":"repeat","background-position":"center center","background-size":"auto","background-attachment":"scroll","background-type":"","background-media":"","overlay-type":"","overlay-color":"","overlay-opacity":"","overlay-gradient":""}},"footnotes":""},"categories":[13,58,249],"tags":[],"class_list":["post-19663","post","type-post","status-publish","format-standard","has-post-thumbnail","hentry","category-4t-eso","category-musica","category-promocio-2013-26"],"post_mailing_queue_ids":[],"_links":{"self":[{"href":"https:\/\/agora.xtec.cat\/iesantanna-premiadedalt\/wp-json\/wp\/v2\/posts\/19663","targetHints":{"allow":["GET"]}}],"collection":[{"href":"https:\/\/agora.xtec.cat\/iesantanna-premiadedalt\/wp-json\/wp\/v2\/posts"}],"about":[{"href":"https:\/\/agora.xtec.cat\/iesantanna-premiadedalt\/wp-json\/wp\/v2\/types\/post"}],"author":[{"embeddable":true,"href":"https:\/\/agora.xtec.cat\/iesantanna-premiadedalt\/wp-json\/wp\/v2\/users\/1"}],"replies":[{"embeddable":true,"href":"https:\/\/agora.xtec.cat\/iesantanna-premiadedalt\/wp-json\/wp\/v2\/comments?post=19663"}],"version-history":[{"count":3,"href":"https:\/\/agora.xtec.cat\/iesantanna-premiadedalt\/wp-json\/wp\/v2\/posts\/19663\/revisions"}],"predecessor-version":[{"id":20157,"href":"https:\/\/agora.xtec.cat\/iesantanna-premiadedalt\/wp-json\/wp\/v2\/posts\/19663\/revisions\/20157"}],"wp:featuredmedia":[{"embeddable":true,"href":"https:\/\/agora.xtec.cat\/iesantanna-premiadedalt\/wp-json\/wp\/v2\/media\/19666"}],"wp:attachment":[{"href":"https:\/\/agora.xtec.cat\/iesantanna-premiadedalt\/wp-json\/wp\/v2\/media?parent=19663"}],"wp:term":[{"taxonomy":"category","embeddable":true,"href":"https:\/\/agora.xtec.cat\/iesantanna-premiadedalt\/wp-json\/wp\/v2\/categories?post=19663"},{"taxonomy":"post_tag","embeddable":true,"href":"https:\/\/agora.xtec.cat\/iesantanna-premiadedalt\/wp-json\/wp\/v2\/tags?post=19663"}],"curies":[{"name":"wp","href":"https:\/\/api.w.org\/{rel}","templated":true}]}}