{"id":19658,"date":"2020-02-18T17:18:54","date_gmt":"2020-02-18T16:18:54","guid":{"rendered":"http:\/\/agora.xtec.cat\/iesantanna-premiadedalt\/\/?p=19658"},"modified":"2020-02-18T17:21:49","modified_gmt":"2020-02-18T16:21:49","slug":"planta-de-tractament-de-residus","status":"publish","type":"post","link":"https:\/\/agora.xtec.cat\/iesantanna-premiadedalt\/secundaria\/3r-eso\/planta-de-tractament-de-residus\/","title":{"rendered":"PLANTA DE TRACTAMENT DE RESIDUS."},"content":{"rendered":"<p>Els alumnes de tercer hem anat el divendres 7 de febrer a la planta de tractament de residus a Matar\u00f3.\u00a0 A continuaci\u00f3 us exposem algunes de les idees que ells mateixos han elaborat:<a href=\"https:\/\/photos.app.goo.gl\/UGWLZokJigFGgiQ9A\">https:\/\/photos.app.goo.gl\/UGWLZokJigFGgiQ9A<\/a><\/p>\n<ul>\n<li>El divendres vam anar a una planta de tractament de residus. Ens vam posar una armilla groga i un casc verd i ens vam dividir per grups.<\/li>\n<li>Quan hem acabat de menjar hem entrat a la planta i hem fet grups. Ens hem posat un casc i una armilla groga.<\/li>\n<li>Primer vam anar a una cuina i em jugat a les endevinalles, una estava \u201ccontaminada\u201d i l\u2019altra no, i hi hav\u00edem de trobar les difer\u00e8ncies.<\/li>\n<li>Vam veure moltes m\u00e0quines per\u00f2 la que m\u00e9s em va agrada era una esp\u00e8cie de pop que agafava la brossa i la portava a una cinta.<\/li>\n<li>A la planta de dalt vam veure per unes finestres el que feien i vam veure un video en 3d, on les cadires es movien, era molt guai. Ens van donar una llibreta amb boli i un llibre.<\/li>\n<li>Vam anar a veure una pel\u00b7l\u00edcula 3D on an\u00e0vem amb una nau que ens va portar per tota la f\u00e0brica.<\/li>\n<\/ul>\n","protected":false},"excerpt":{"rendered":"<p>Els alumnes de tercer hem anat el divendres 7 de febrer a la planta de tractament de residus a Matar\u00f3.\u00a0 A continuaci\u00f3 us exposem algunes de les idees que ells mateixos han elaborat:https:\/\/photos.app.goo.gl\/UGWLZokJigFGgiQ9A El divendres vam anar a una planta de tractament de residus. Ens vam posar una armilla groga i un casc verd i [&hellip;]<\/p>\n","protected":false},"author":1,"featured_media":19659,"comment_status":"open","ping_status":"closed","sticky":false,"template":"","format":"standard","meta":{"_bbp_topic_count":0,"_bbp_reply_count":0,"_bbp_total_topic_count":0,"_bbp_total_reply_count":0,"_bbp_voice_count":0,"_bbp_anonymous_reply_count":0,"_bbp_topic_count_hidden":0,"_bbp_reply_count_hidden":0,"_bbp_forum_subforum_count":0,"site-sidebar-layout":"default","site-content-layout":"","ast-site-content-layout":"","site-content-style":"default","site-sidebar-style":"default","ast-global-header-display":"","ast-banner-title-visibility":"","ast-main-header-display":"","ast-hfb-above-header-display":"","ast-hfb-below-header-display":"","ast-hfb-mobile-header-display":"","site-post-title":"","ast-breadcrumbs-content":"","ast-featured-img":"","footer-sml-layout":"","theme-transparent-header-meta":"","adv-header-id-meta":"","stick-header-meta":"","header-above-stick-meta":"","header-main-stick-meta":"","header-below-stick-meta":"","astra-migrate-meta-layouts":"default","ast-page-background-enabled":"default","ast-page-background-meta":{"desktop":{"background-color":"var(--ast-global-color-4)","background-image":"","background-repeat":"repeat","background-position":"center center","background-size":"auto","background-attachment":"scroll","background-type":"","background-media":"","overlay-type":"","overlay-color":"","overlay-opacity":"","overlay-gradient":""},"tablet":{"background-color":"","background-image":"","background-repeat":"repeat","background-position":"center center","background-size":"auto","background-attachment":"scroll","background-type":"","background-media":"","overlay-type":"","overlay-color":"","overlay-opacity":"","overlay-gradient":""},"mobile":{"background-color":"","background-image":"","background-repeat":"repeat","background-position":"center center","background-size":"auto","background-attachment":"scroll","background-type":"","background-media":"","overlay-type":"","overlay-color":"","overlay-opacity":"","overlay-gradient":""}},"ast-content-background-meta":{"desktop":{"background-color":"var(--ast-global-color-5)","background-image":"","background-repeat":"repeat","background-position":"center center","background-size":"auto","background-attachment":"scroll","background-type":"","background-media":"","overlay-type":"","overlay-color":"","overlay-opacity":"","overlay-gradient":""},"tablet":{"background-color":"var(--ast-global-color-5)","background-image":"","background-repeat":"repeat","background-position":"center center","background-size":"auto","background-attachment":"scroll","background-type":"","background-media":"","overlay-type":"","overlay-color":"","overlay-opacity":"","overlay-gradient":""},"mobile":{"background-color":"var(--ast-global-color-5)","background-image":"","background-repeat":"repeat","background-position":"center center","background-size":"auto","background-attachment":"scroll","background-type":"","background-media":"","overlay-type":"","overlay-color":"","overlay-opacity":"","overlay-gradient":""}},"footnotes":""},"categories":[12,250],"tags":[],"class_list":["post-19658","post","type-post","status-publish","format-standard","has-post-thumbnail","hentry","category-3r-eso","category-promocio-2014-27"],"post_mailing_queue_ids":[],"_links":{"self":[{"href":"https:\/\/agora.xtec.cat\/iesantanna-premiadedalt\/wp-json\/wp\/v2\/posts\/19658","targetHints":{"allow":["GET"]}}],"collection":[{"href":"https:\/\/agora.xtec.cat\/iesantanna-premiadedalt\/wp-json\/wp\/v2\/posts"}],"about":[{"href":"https:\/\/agora.xtec.cat\/iesantanna-premiadedalt\/wp-json\/wp\/v2\/types\/post"}],"author":[{"embeddable":true,"href":"https:\/\/agora.xtec.cat\/iesantanna-premiadedalt\/wp-json\/wp\/v2\/users\/1"}],"replies":[{"embeddable":true,"href":"https:\/\/agora.xtec.cat\/iesantanna-premiadedalt\/wp-json\/wp\/v2\/comments?post=19658"}],"version-history":[{"count":3,"href":"https:\/\/agora.xtec.cat\/iesantanna-premiadedalt\/wp-json\/wp\/v2\/posts\/19658\/revisions"}],"predecessor-version":[{"id":19662,"href":"https:\/\/agora.xtec.cat\/iesantanna-premiadedalt\/wp-json\/wp\/v2\/posts\/19658\/revisions\/19662"}],"wp:featuredmedia":[{"embeddable":true,"href":"https:\/\/agora.xtec.cat\/iesantanna-premiadedalt\/wp-json\/wp\/v2\/media\/19659"}],"wp:attachment":[{"href":"https:\/\/agora.xtec.cat\/iesantanna-premiadedalt\/wp-json\/wp\/v2\/media?parent=19658"}],"wp:term":[{"taxonomy":"category","embeddable":true,"href":"https:\/\/agora.xtec.cat\/iesantanna-premiadedalt\/wp-json\/wp\/v2\/categories?post=19658"},{"taxonomy":"post_tag","embeddable":true,"href":"https:\/\/agora.xtec.cat\/iesantanna-premiadedalt\/wp-json\/wp\/v2\/tags?post=19658"}],"curies":[{"name":"wp","href":"https:\/\/api.w.org\/{rel}","templated":true}]}}