{"id":16780,"date":"2019-09-26T21:23:10","date_gmt":"2019-09-26T19:23:10","guid":{"rendered":"http:\/\/agora.xtec.cat\/iesantanna-premiadedalt\/\/?p=16780"},"modified":"2019-09-26T21:23:10","modified_gmt":"2019-09-26T19:23:10","slug":"equip-impulsor-per-la-transformacio-digital","status":"publish","type":"post","link":"https:\/\/agora.xtec.cat\/iesantanna-premiadedalt\/projectes-i-arees\/educaciodigital\/equip-impulsor-per-la-transformacio-digital\/","title":{"rendered":"Equip impulsor per la Transformaci\u00f3 Digital"},"content":{"rendered":"<p>Despr\u00e9s de la gran dotaci\u00f3 TIC del Departament s&#8217;ha creat un grup impulsor per motivar i fomentar l&#8217;\u00fas de les noves tecnologies a les aules. Aquest grup motivador vetllar\u00e0 per aconseguir un \u00fas adequat i de manera transversal a tota l&#8217;escola.<\/p>\n<p>Ahir es va reunir l&#8217; equip impulsor del pla de transformaci\u00f3 digital per primera vegada a l&#8217;Escola Oficial d&#8217;Idiomes de Matar\u00f3 on vam intercanviar idees i projectes nous i innovadors que estem duent a terme i que pensem engegar m\u00e9s endavant i aix\u00ed per tal de planificar les activitats que es realitzaran a l&#8217; escola durant els propers tres cursos.<\/p>\n<p>Aix\u00f2 implicar\u00e0 formaci\u00f3 per part dels CRP&#8217;s de zona i autoformaci\u00f3 del claustre en relaci\u00f3 a les noves tecnologies.<\/p>\n<p>&nbsp;<\/p>\n<p><a href=\"https:\/\/agora.xtec.cat\/iesantanna-premiadedalt\/\/wp-content\/uploads\/usu517\/2019\/09\/70964609_517214975489712_830199916843237376_o.jpg\"><img loading=\"lazy\" decoding=\"async\" class=\"wp-image-16782 aligncenter\" src=\"https:\/\/agora.xtec.cat\/iesantanna-premiadedalt\/\/wp-content\/uploads\/usu517\/2019\/09\/70964609_517214975489712_830199916843237376_o-1024x768.jpg\" alt=\"\" width=\"615\" height=\"461\" srcset=\"https:\/\/agora.xtec.cat\/iesantanna-premiadedalt\/wp-content\/uploads\/usu517\/2019\/09\/70964609_517214975489712_830199916843237376_o-1024x768.jpg 1024w, https:\/\/agora.xtec.cat\/iesantanna-premiadedalt\/wp-content\/uploads\/usu517\/2019\/09\/70964609_517214975489712_830199916843237376_o-300x225.jpg 300w, https:\/\/agora.xtec.cat\/iesantanna-premiadedalt\/wp-content\/uploads\/usu517\/2019\/09\/70964609_517214975489712_830199916843237376_o-768x576.jpg 768w, https:\/\/agora.xtec.cat\/iesantanna-premiadedalt\/wp-content\/uploads\/usu517\/2019\/09\/70964609_517214975489712_830199916843237376_o-200x150.jpg 200w, https:\/\/agora.xtec.cat\/iesantanna-premiadedalt\/wp-content\/uploads\/usu517\/2019\/09\/70964609_517214975489712_830199916843237376_o.jpg 2016w\" sizes=\"auto, (max-width: 615px) 100vw, 615px\" \/><\/a><a href=\"https:\/\/agora.xtec.cat\/iesantanna-premiadedalt\/\/wp-content\/uploads\/usu517\/2019\/09\/71204027_517214945489715_239793521693818880_o.jpg\"><img loading=\"lazy\" decoding=\"async\" class=\"wp-image-16783 aligncenter\" src=\"https:\/\/agora.xtec.cat\/iesantanna-premiadedalt\/\/wp-content\/uploads\/usu517\/2019\/09\/71204027_517214945489715_239793521693818880_o-1024x768.jpg\" alt=\"\" width=\"433\" height=\"325\" srcset=\"https:\/\/agora.xtec.cat\/iesantanna-premiadedalt\/wp-content\/uploads\/usu517\/2019\/09\/71204027_517214945489715_239793521693818880_o-1024x768.jpg 1024w, https:\/\/agora.xtec.cat\/iesantanna-premiadedalt\/wp-content\/uploads\/usu517\/2019\/09\/71204027_517214945489715_239793521693818880_o-300x225.jpg 300w, https:\/\/agora.xtec.cat\/iesantanna-premiadedalt\/wp-content\/uploads\/usu517\/2019\/09\/71204027_517214945489715_239793521693818880_o-768x576.jpg 768w, https:\/\/agora.xtec.cat\/iesantanna-premiadedalt\/wp-content\/uploads\/usu517\/2019\/09\/71204027_517214945489715_239793521693818880_o-200x150.jpg 200w, https:\/\/agora.xtec.cat\/iesantanna-premiadedalt\/wp-content\/uploads\/usu517\/2019\/09\/71204027_517214945489715_239793521693818880_o.jpg 1600w\" sizes=\"auto, (max-width: 433px) 100vw, 433px\" \/><\/a><\/p>\n","protected":false},"excerpt":{"rendered":"<p>Despr\u00e9s de la gran dotaci\u00f3 TIC del Departament s&#8217;ha creat un grup impulsor per motivar i fomentar l&#8217;\u00fas de les noves tecnologies a les aules. Aquest grup motivador vetllar\u00e0 per aconseguir un \u00fas adequat i de manera transversal a tota l&#8217;escola. Ahir es va reunir l&#8217; equip impulsor del pla de transformaci\u00f3 digital per primera [&hellip;]<\/p>\n","protected":false},"author":1,"featured_media":16782,"comment_status":"open","ping_status":"closed","sticky":false,"template":"","format":"standard","meta":{"_bbp_topic_count":0,"_bbp_reply_count":0,"_bbp_total_topic_count":0,"_bbp_total_reply_count":0,"_bbp_voice_count":0,"_bbp_anonymous_reply_count":0,"_bbp_topic_count_hidden":0,"_bbp_reply_count_hidden":0,"_bbp_forum_subforum_count":0,"site-sidebar-layout":"default","site-content-layout":"","ast-site-content-layout":"","site-content-style":"default","site-sidebar-style":"default","ast-global-header-display":"","ast-banner-title-visibility":"","ast-main-header-display":"","ast-hfb-above-header-display":"","ast-hfb-below-header-display":"","ast-hfb-mobile-header-display":"","site-post-title":"","ast-breadcrumbs-content":"","ast-featured-img":"","footer-sml-layout":"","theme-transparent-header-meta":"","adv-header-id-meta":"","stick-header-meta":"","header-above-stick-meta":"","header-main-stick-meta":"","header-below-stick-meta":"","astra-migrate-meta-layouts":"default","ast-page-background-enabled":"default","ast-page-background-meta":{"desktop":{"background-color":"var(--ast-global-color-4)","background-image":"","background-repeat":"repeat","background-position":"center center","background-size":"auto","background-attachment":"scroll","background-type":"","background-media":"","overlay-type":"","overlay-color":"","overlay-opacity":"","overlay-gradient":""},"tablet":{"background-color":"","background-image":"","background-repeat":"repeat","background-position":"center center","background-size":"auto","background-attachment":"scroll","background-type":"","background-media":"","overlay-type":"","overlay-color":"","overlay-opacity":"","overlay-gradient":""},"mobile":{"background-color":"","background-image":"","background-repeat":"repeat","background-position":"center center","background-size":"auto","background-attachment":"scroll","background-type":"","background-media":"","overlay-type":"","overlay-color":"","overlay-opacity":"","overlay-gradient":""}},"ast-content-background-meta":{"desktop":{"background-color":"var(--ast-global-color-5)","background-image":"","background-repeat":"repeat","background-position":"center center","background-size":"auto","background-attachment":"scroll","background-type":"","background-media":"","overlay-type":"","overlay-color":"","overlay-opacity":"","overlay-gradient":""},"tablet":{"background-color":"var(--ast-global-color-5)","background-image":"","background-repeat":"repeat","background-position":"center center","background-size":"auto","background-attachment":"scroll","background-type":"","background-media":"","overlay-type":"","overlay-color":"","overlay-opacity":"","overlay-gradient":""},"mobile":{"background-color":"var(--ast-global-color-5)","background-image":"","background-repeat":"repeat","background-position":"center center","background-size":"auto","background-attachment":"scroll","background-type":"","background-media":"","overlay-type":"","overlay-color":"","overlay-opacity":"","overlay-gradient":""}},"footnotes":""},"categories":[52],"tags":[],"class_list":["post-16780","post","type-post","status-publish","format-standard","has-post-thumbnail","hentry","category-educaciodigital"],"post_mailing_queue_ids":[],"_links":{"self":[{"href":"https:\/\/agora.xtec.cat\/iesantanna-premiadedalt\/wp-json\/wp\/v2\/posts\/16780","targetHints":{"allow":["GET"]}}],"collection":[{"href":"https:\/\/agora.xtec.cat\/iesantanna-premiadedalt\/wp-json\/wp\/v2\/posts"}],"about":[{"href":"https:\/\/agora.xtec.cat\/iesantanna-premiadedalt\/wp-json\/wp\/v2\/types\/post"}],"author":[{"embeddable":true,"href":"https:\/\/agora.xtec.cat\/iesantanna-premiadedalt\/wp-json\/wp\/v2\/users\/1"}],"replies":[{"embeddable":true,"href":"https:\/\/agora.xtec.cat\/iesantanna-premiadedalt\/wp-json\/wp\/v2\/comments?post=16780"}],"version-history":[{"count":1,"href":"https:\/\/agora.xtec.cat\/iesantanna-premiadedalt\/wp-json\/wp\/v2\/posts\/16780\/revisions"}],"predecessor-version":[{"id":16784,"href":"https:\/\/agora.xtec.cat\/iesantanna-premiadedalt\/wp-json\/wp\/v2\/posts\/16780\/revisions\/16784"}],"wp:featuredmedia":[{"embeddable":true,"href":"https:\/\/agora.xtec.cat\/iesantanna-premiadedalt\/wp-json\/wp\/v2\/media\/16782"}],"wp:attachment":[{"href":"https:\/\/agora.xtec.cat\/iesantanna-premiadedalt\/wp-json\/wp\/v2\/media?parent=16780"}],"wp:term":[{"taxonomy":"category","embeddable":true,"href":"https:\/\/agora.xtec.cat\/iesantanna-premiadedalt\/wp-json\/wp\/v2\/categories?post=16780"},{"taxonomy":"post_tag","embeddable":true,"href":"https:\/\/agora.xtec.cat\/iesantanna-premiadedalt\/wp-json\/wp\/v2\/tags?post=16780"}],"curies":[{"name":"wp","href":"https:\/\/api.w.org\/{rel}","templated":true}]}}