{"id":16211,"date":"2019-03-19T14:21:33","date_gmt":"2019-03-19T13:21:33","guid":{"rendered":"http:\/\/agora.xtec.cat\/iesantanna-premiadedalt\/\/?p=16211"},"modified":"2019-09-12T21:12:02","modified_gmt":"2019-09-12T19:12:02","slug":"es-temps-de-quaresma","status":"publish","type":"post","link":"https:\/\/agora.xtec.cat\/iesantanna-premiadedalt\/secundaria\/2n-eso\/es-temps-de-quaresma\/","title":{"rendered":"\u00c9s temps de quaresma"},"content":{"rendered":"<p>Ja portem uns dies treballant la quaresma a l&#8217;escola.<\/p>\n<p><strong>La quaresma<\/strong> \u00e9s el temps lit\u00fargic en el qual ens preparem per a la Pasqua. Dura 40 dies.Comen\u00e7a el Dimecres de Cendra i finalitza el Dijous Sant. Els quaranta dies recorden molts fets b\u00edblics: 40 dies de dejuni de Jes\u00fas en el desert, 40 anys del poble d\u2019Israel en el desert, 40 dies que Mois\u00e8s va passar a la Muntanya del Sina\u00ed, 40 dies del diluvi universal, etc. <a href=\"https:\/\/agora.xtec.cat\/iesantanna-premiadedalt\/\/wp-content\/uploads\/usu517\/2019\/03\/temps-liturgic.jpg\"><img loading=\"lazy\" decoding=\"async\" class=\"wp-image-16212 alignleft\" src=\"https:\/\/agora.xtec.cat\/iesantanna-premiadedalt\/\/wp-content\/uploads\/usu517\/2019\/03\/temps-liturgic.jpg\" alt=\"\" width=\"225\" height=\"231\" \/><\/a><\/p>\n<p>La quaresma i la setmana santa es mouen en el calendari seguint la celebraci\u00f3 de la Pasqua, que \u00e9s sempre el diumenge despr\u00e9s de la primera lluna plena de primavera.<\/p>\n<p>La quaresma \u00e9s representada per <strong>una vella de set cames<\/strong>, feta de paper de diari, un ninot d\u2019ampla faldilla. Cada setmana se li ha de tallar un peu, fins que no n\u2019hi quedi cap, i llavors ser\u00e0 Pasqua. Tamb\u00e9 \u00e9s costum semblant representar-la amb un bacall\u00e0 sec penjat de la cua en el sostre de les bacallaneries, el qual duu aix\u00ed mateix penjades, de la vora de baix, set grosses arengades.<a href=\"https:\/\/agora.xtec.cat\/iesantanna-premiadedalt\/\/wp-content\/uploads\/usu517\/2019\/03\/3-Vella-Quaresma-baixa-1.jpg\"><img loading=\"lazy\" decoding=\"async\" class=\"wp-image-16213 alignright\" src=\"https:\/\/agora.xtec.cat\/iesantanna-premiadedalt\/\/wp-content\/uploads\/usu517\/2019\/03\/3-Vella-Quaresma-baixa-1-786x1024.jpg\" alt=\"\" width=\"166\" height=\"217\" srcset=\"https:\/\/agora.xtec.cat\/iesantanna-premiadedalt\/wp-content\/uploads\/usu517\/2019\/03\/3-Vella-Quaresma-baixa-1-786x1024.jpg 786w, https:\/\/agora.xtec.cat\/iesantanna-premiadedalt\/wp-content\/uploads\/usu517\/2019\/03\/3-Vella-Quaresma-baixa-1-230x300.jpg 230w, https:\/\/agora.xtec.cat\/iesantanna-premiadedalt\/wp-content\/uploads\/usu517\/2019\/03\/3-Vella-Quaresma-baixa-1-768x1001.jpg 768w, https:\/\/agora.xtec.cat\/iesantanna-premiadedalt\/wp-content\/uploads\/usu517\/2019\/03\/3-Vella-Quaresma-baixa-1.jpg 1181w\" sizes=\"auto, (max-width: 166px) 100vw, 166px\" \/><\/a><\/p>\n","protected":false},"excerpt":{"rendered":"<p>Ja portem uns dies treballant la quaresma a l&#8217;escola. La quaresma \u00e9s el temps lit\u00fargic en el qual ens preparem per a la Pasqua. Dura 40 dies.Comen\u00e7a el Dimecres de Cendra i finalitza el Dijous Sant. Els quaranta dies recorden molts fets b\u00edblics: 40 dies de dejuni de Jes\u00fas en el desert, 40 anys del [&hellip;]<\/p>\n","protected":false},"author":1,"featured_media":16212,"comment_status":"open","ping_status":"closed","sticky":false,"template":"","format":"standard","meta":{"_bbp_topic_count":0,"_bbp_reply_count":0,"_bbp_total_topic_count":0,"_bbp_total_reply_count":0,"_bbp_voice_count":0,"_bbp_anonymous_reply_count":0,"_bbp_topic_count_hidden":0,"_bbp_reply_count_hidden":0,"_bbp_forum_subforum_count":0,"site-sidebar-layout":"default","site-content-layout":"","ast-site-content-layout":"","site-content-style":"default","site-sidebar-style":"default","ast-global-header-display":"","ast-banner-title-visibility":"","ast-main-header-display":"","ast-hfb-above-header-display":"","ast-hfb-below-header-display":"","ast-hfb-mobile-header-display":"","site-post-title":"","ast-breadcrumbs-content":"","ast-featured-img":"","footer-sml-layout":"","theme-transparent-header-meta":"","adv-header-id-meta":"","stick-header-meta":"","header-above-stick-meta":"","header-main-stick-meta":"","header-below-stick-meta":"","astra-migrate-meta-layouts":"default","ast-page-background-enabled":"default","ast-page-background-meta":{"desktop":{"background-color":"var(--ast-global-color-4)","background-image":"","background-repeat":"repeat","background-position":"center center","background-size":"auto","background-attachment":"scroll","background-type":"","background-media":"","overlay-type":"","overlay-color":"","overlay-opacity":"","overlay-gradient":""},"tablet":{"background-color":"","background-image":"","background-repeat":"repeat","background-position":"center center","background-size":"auto","background-attachment":"scroll","background-type":"","background-media":"","overlay-type":"","overlay-color":"","overlay-opacity":"","overlay-gradient":""},"mobile":{"background-color":"","background-image":"","background-repeat":"repeat","background-position":"center center","background-size":"auto","background-attachment":"scroll","background-type":"","background-media":"","overlay-type":"","overlay-color":"","overlay-opacity":"","overlay-gradient":""}},"ast-content-background-meta":{"desktop":{"background-color":"var(--ast-global-color-5)","background-image":"","background-repeat":"repeat","background-position":"center center","background-size":"auto","background-attachment":"scroll","background-type":"","background-media":"","overlay-type":"","overlay-color":"","overlay-opacity":"","overlay-gradient":""},"tablet":{"background-color":"var(--ast-global-color-5)","background-image":"","background-repeat":"repeat","background-position":"center center","background-size":"auto","background-attachment":"scroll","background-type":"","background-media":"","overlay-type":"","overlay-color":"","overlay-opacity":"","overlay-gradient":""},"mobile":{"background-color":"var(--ast-global-color-5)","background-image":"","background-repeat":"repeat","background-position":"center center","background-size":"auto","background-attachment":"scroll","background-type":"","background-media":"","overlay-type":"","overlay-color":"","overlay-opacity":"","overlay-gradient":""}},"footnotes":""},"categories":[11,12,13,14,245,15,249,250,251,248],"tags":[],"class_list":["post-16211","post","type-post","status-publish","format-standard","has-post-thumbnail","hentry","category-2n-eso","category-3r-eso","category-4t-eso","category-graduats2025","category-promocio-2010-19","category-promocio-2011-20-institut","category-promocio-2013-26","category-promocio-2014-27","category-promocio-2015-28","category-promocio-2012-25"],"post_mailing_queue_ids":[],"_links":{"self":[{"href":"https:\/\/agora.xtec.cat\/iesantanna-premiadedalt\/wp-json\/wp\/v2\/posts\/16211","targetHints":{"allow":["GET"]}}],"collection":[{"href":"https:\/\/agora.xtec.cat\/iesantanna-premiadedalt\/wp-json\/wp\/v2\/posts"}],"about":[{"href":"https:\/\/agora.xtec.cat\/iesantanna-premiadedalt\/wp-json\/wp\/v2\/types\/post"}],"author":[{"embeddable":true,"href":"https:\/\/agora.xtec.cat\/iesantanna-premiadedalt\/wp-json\/wp\/v2\/users\/1"}],"replies":[{"embeddable":true,"href":"https:\/\/agora.xtec.cat\/iesantanna-premiadedalt\/wp-json\/wp\/v2\/comments?post=16211"}],"version-history":[{"count":1,"href":"https:\/\/agora.xtec.cat\/iesantanna-premiadedalt\/wp-json\/wp\/v2\/posts\/16211\/revisions"}],"predecessor-version":[{"id":16214,"href":"https:\/\/agora.xtec.cat\/iesantanna-premiadedalt\/wp-json\/wp\/v2\/posts\/16211\/revisions\/16214"}],"wp:featuredmedia":[{"embeddable":true,"href":"https:\/\/agora.xtec.cat\/iesantanna-premiadedalt\/wp-json\/wp\/v2\/media\/16212"}],"wp:attachment":[{"href":"https:\/\/agora.xtec.cat\/iesantanna-premiadedalt\/wp-json\/wp\/v2\/media?parent=16211"}],"wp:term":[{"taxonomy":"category","embeddable":true,"href":"https:\/\/agora.xtec.cat\/iesantanna-premiadedalt\/wp-json\/wp\/v2\/categories?post=16211"},{"taxonomy":"post_tag","embeddable":true,"href":"https:\/\/agora.xtec.cat\/iesantanna-premiadedalt\/wp-json\/wp\/v2\/tags?post=16211"}],"curies":[{"name":"wp","href":"https:\/\/api.w.org\/{rel}","templated":true}]}}