{"id":16128,"date":"2019-02-28T07:49:44","date_gmt":"2019-02-28T06:49:44","guid":{"rendered":"http:\/\/agora.xtec.cat\/iesantanna-premiadedalt\/\/?p=16128"},"modified":"2019-03-03T11:48:42","modified_gmt":"2019-03-03T10:48:42","slug":"arriba-en-carnestoltes","status":"publish","type":"post","link":"https:\/\/agora.xtec.cat\/iesantanna-premiadedalt\/portada\/arriba-en-carnestoltes\/","title":{"rendered":"Arriba en Carnestoltes!"},"content":{"rendered":"<p>Avui a la tarda, tots els alumnes de l&#8217;escola, han escoltat el preg\u00f3 del Rei Carnestoltes. Li agrada la gresca i la xerinola i ens ho ha fet saber mitjan\u00e7ant unes nenes de 5\u00e8. Les han acompanyat ballant unes nenes de 4t, que han fet un ball molt modern amb el que aix\u00ed donem l&#8217;entrada a aquests dies de festa.<\/p>\n<p>Les consignes que ens ha imposat s\u00f3n:<\/p>\n<ul>\n<li>Per <strong>dijous 28<\/strong>, un complement festiu, i qui\u00a0vulgui que porti un entrep\u00e0 de truita.<\/li>\n<li>Per <strong>divendres 1<\/strong>, a la tarda tothom disfressat.<\/li>\n<li>Per <strong>dilluns 4<\/strong>, toca descansar, ens quedem a casa.<\/li>\n<li>Per <strong>dimarts 5<\/strong>, hem de portar un pentinat divertit.<\/li>\n<li>Per <strong>dimecres 6<\/strong>, tothom de negre amb una ll\u00e0grima pintada.<\/li>\n<\/ul>\n<p>Benvingut Rei Carnestoltes!!!<\/p>\n<p><a href=\"https:\/\/photos.app.goo.gl\/be4CemnsgCZYoZyB9\"><img loading=\"lazy\" decoding=\"async\" class=\"aligncenter\" src=\"https:\/\/agora.xtec.cat\/iesantanna-premiadedalt\/\/wp-content\/uploads\/usu517\/2019\/02\/IMG-20190227-WA0014-recortado.jpg\" width=\"284\" height=\"379\" \/><\/a><\/p>\n<p style=\"text-align: center;\"><span style=\"color: #993366;\"><strong>Cliqueu la imatge per a poder veure les fotos<\/strong><\/span><\/p>\n","protected":false},"excerpt":{"rendered":"<p>Avui a la tarda, tots els alumnes de l&#8217;escola, han escoltat el preg\u00f3 del Rei Carnestoltes. Li agrada la gresca i la xerinola i ens ho ha fet saber mitjan\u00e7ant unes nenes de 5\u00e8. Les han acompanyat ballant unes nenes de 4t, que han fet un ball molt modern amb el que aix\u00ed donem l&#8217;entrada [&hellip;]<\/p>\n","protected":false},"author":1,"featured_media":16129,"comment_status":"open","ping_status":"closed","sticky":false,"template":"","format":"standard","meta":{"_bbp_topic_count":0,"_bbp_reply_count":0,"_bbp_total_topic_count":0,"_bbp_total_reply_count":0,"_bbp_voice_count":0,"_bbp_anonymous_reply_count":0,"_bbp_topic_count_hidden":0,"_bbp_reply_count_hidden":0,"_bbp_forum_subforum_count":0,"site-sidebar-layout":"default","site-content-layout":"","ast-site-content-layout":"","site-content-style":"default","site-sidebar-style":"default","ast-global-header-display":"","ast-banner-title-visibility":"","ast-main-header-display":"","ast-hfb-above-header-display":"","ast-hfb-below-header-display":"","ast-hfb-mobile-header-display":"","site-post-title":"","ast-breadcrumbs-content":"","ast-featured-img":"","footer-sml-layout":"","theme-transparent-header-meta":"","adv-header-id-meta":"","stick-header-meta":"","header-above-stick-meta":"","header-main-stick-meta":"","header-below-stick-meta":"","astra-migrate-meta-layouts":"default","ast-page-background-enabled":"default","ast-page-background-meta":{"desktop":{"background-color":"var(--ast-global-color-4)","background-image":"","background-repeat":"repeat","background-position":"center center","background-size":"auto","background-attachment":"scroll","background-type":"","background-media":"","overlay-type":"","overlay-color":"","overlay-opacity":"","overlay-gradient":""},"tablet":{"background-color":"","background-image":"","background-repeat":"repeat","background-position":"center center","background-size":"auto","background-attachment":"scroll","background-type":"","background-media":"","overlay-type":"","overlay-color":"","overlay-opacity":"","overlay-gradient":""},"mobile":{"background-color":"","background-image":"","background-repeat":"repeat","background-position":"center center","background-size":"auto","background-attachment":"scroll","background-type":"","background-media":"","overlay-type":"","overlay-color":"","overlay-opacity":"","overlay-gradient":""}},"ast-content-background-meta":{"desktop":{"background-color":"var(--ast-global-color-5)","background-image":"","background-repeat":"repeat","background-position":"center center","background-size":"auto","background-attachment":"scroll","background-type":"","background-media":"","overlay-type":"","overlay-color":"","overlay-opacity":"","overlay-gradient":""},"tablet":{"background-color":"var(--ast-global-color-5)","background-image":"","background-repeat":"repeat","background-position":"center center","background-size":"auto","background-attachment":"scroll","background-type":"","background-media":"","overlay-type":"","overlay-color":"","overlay-opacity":"","overlay-gradient":""},"mobile":{"background-color":"var(--ast-global-color-5)","background-image":"","background-repeat":"repeat","background-position":"center center","background-size":"auto","background-attachment":"scroll","background-type":"","background-media":"","overlay-type":"","overlay-color":"","overlay-opacity":"","overlay-gradient":""}},"footnotes":""},"categories":[64,4],"tags":[177,183],"class_list":["post-16128","post","type-post","status-publish","format-standard","has-post-thumbnail","hentry","category-carnestoltes","category-portada","tag-carnaval","tag-carnestoltes"],"post_mailing_queue_ids":[],"_links":{"self":[{"href":"https:\/\/agora.xtec.cat\/iesantanna-premiadedalt\/wp-json\/wp\/v2\/posts\/16128","targetHints":{"allow":["GET"]}}],"collection":[{"href":"https:\/\/agora.xtec.cat\/iesantanna-premiadedalt\/wp-json\/wp\/v2\/posts"}],"about":[{"href":"https:\/\/agora.xtec.cat\/iesantanna-premiadedalt\/wp-json\/wp\/v2\/types\/post"}],"author":[{"embeddable":true,"href":"https:\/\/agora.xtec.cat\/iesantanna-premiadedalt\/wp-json\/wp\/v2\/users\/1"}],"replies":[{"embeddable":true,"href":"https:\/\/agora.xtec.cat\/iesantanna-premiadedalt\/wp-json\/wp\/v2\/comments?post=16128"}],"version-history":[{"count":2,"href":"https:\/\/agora.xtec.cat\/iesantanna-premiadedalt\/wp-json\/wp\/v2\/posts\/16128\/revisions"}],"predecessor-version":[{"id":16157,"href":"https:\/\/agora.xtec.cat\/iesantanna-premiadedalt\/wp-json\/wp\/v2\/posts\/16128\/revisions\/16157"}],"wp:featuredmedia":[{"embeddable":true,"href":"https:\/\/agora.xtec.cat\/iesantanna-premiadedalt\/wp-json\/wp\/v2\/media\/16129"}],"wp:attachment":[{"href":"https:\/\/agora.xtec.cat\/iesantanna-premiadedalt\/wp-json\/wp\/v2\/media?parent=16128"}],"wp:term":[{"taxonomy":"category","embeddable":true,"href":"https:\/\/agora.xtec.cat\/iesantanna-premiadedalt\/wp-json\/wp\/v2\/categories?post=16128"},{"taxonomy":"post_tag","embeddable":true,"href":"https:\/\/agora.xtec.cat\/iesantanna-premiadedalt\/wp-json\/wp\/v2\/tags?post=16128"}],"curies":[{"name":"wp","href":"https:\/\/api.w.org\/{rel}","templated":true}]}}