{"id":618,"count":12,"description":"<div dir=\"auto\">\r\n<p style=\"text-align: left;\"><span style=\"font-family: arial, helvetica, sans-serif;\"><strong>Estem immersos en un proc\u00e9s de canvi i millora. A 1r de prim\u00e0ria hem iniciat un nou enfocament de l'ensenyament de les matem\u00e0tiques. El curs 2026-27 tamb\u00e9 ser\u00e0 de canvi per les matem\u00e0tiques al primer cicle d'ESO.<\/strong><\/span><\/p>\r\n<span style=\"color: #ff6600;\"><strong><span style=\"font-family: 'comic sans ms', sans-serif;\">Matem\u00e0tiques amb Innovamat<\/span><\/strong><\/span>\r\n\r\n<span style=\"font-family: 'comic sans ms', sans-serif;\">De <strong>2n de prim\u00e0ria a 2n d'ESO<\/strong>, <em>aquest curs 2025-26<\/em>, treballem amb el m\u00e8tode del projecte <strong><a href=\"https:\/\/www.innovamat.com\/ca\/?region=ES\" target=\"_blank\" rel=\"noopener\">Innovamat.<\/a><\/strong><\/span>\r\n\r\n<span style=\"font-family: 'comic sans ms', sans-serif;\">Innovamat \u00e9s el m\u00e8tode de <strong>les matem\u00e0tiques que fan pensar<\/strong>. Es realitza un aprenentatge competencial a partir del di\u00e0leg i de la manipulaci\u00f3 de materials. Els materials posen l\u2019alumne en el centre del seu propi proc\u00e9s d\u2019ensenyament-aprenentatge i permet desenvolupar l\u2019autonomia i el pensament cr\u00edtic.<\/span>\r\n\r\n<span style=\"font-family: 'comic sans ms', sans-serif;\">El contingut educatiu s\u2019organitza en tres grans blocs:<\/span>\r\n<ol>\r\n \t<li><span style=\"font-family: 'comic sans ms', sans-serif;\"><span style=\"color: #ff6600;\"><strong>Laboratori de nombres<\/strong><\/span>: cobreix numeraci\u00f3 i c\u00e0lcul, el bloc amb m\u00e9s pes durant l\u2019etapa d\u2019educaci\u00f3 prim\u00e0ria, especialment a cicle inicial, i que estableix els fonaments de l\u2019aprenentatge matem\u00e0tic.<\/span><\/li>\r\n \t<li><span style=\"font-family: 'comic sans ms', sans-serif;\"><span style=\"color: #ff6600;\"><strong>Aventures i reptes matem\u00e0tics<\/strong><\/span>: cobreix la resta de blocs (relacions i canvi, espai i forma, mesura i estad\u00edstica i atzar) sense perdre de vista numeraci\u00f3 i c\u00e0lcul.<\/span><\/li>\r\n \t<li><span style=\"font-family: 'comic sans ms', sans-serif;\"><span style=\"color: #ff6600;\"><strong>Plataforma<\/strong><\/span>: permet la pr\u00e0ctica individual a l\u2019aula d\u2019activitats de tots els blocs\u00a0de continguts. La seva aparici\u00f3 es regula en funci\u00f3 de les necessitats individuals. Les activitats ofereixen ajudes i explicacions adaptades al nivell de cada infant.<\/span><\/li>\r\n<\/ol>\r\n<\/div>\r\n<a href=\"https:\/\/agora.xtec.cat\/iesantanna-premiadedalt\/\/wp-content\/uploads\/usu517\/2020\/05\/Imatge-PNG.png\"><img class=\"alignnone size-large wp-image-21097\" src=\"https:\/\/agora.xtec.cat\/iesantanna-premiadedalt\/\/wp-content\/uploads\/usu517\/2020\/05\/Imatge-PNG-1024x569.png\" alt=\"\" width=\"1024\" height=\"569\" \/><\/a> <a href=\"https:\/\/agora.xtec.cat\/iesantanna-premiadedalt\/\/wp-content\/uploads\/usu517\/2020\/05\/Matem\u00e0tiques-manipulatives-vivencials-i-competencials-per-lescola-Innovamat.png\"><img class=\"alignnone size-large wp-image-21098\" src=\"https:\/\/agora.xtec.cat\/iesantanna-premiadedalt\/\/wp-content\/uploads\/usu517\/2020\/05\/Matem\u00e0tiques-manipulatives-vivencials-i-competencials-per-lescola-Innovamat-1024x466.png\" alt=\"\" width=\"1024\" height=\"466\" \/><\/a> <a href=\"https:\/\/agora.xtec.cat\/iesantanna-premiadedalt\/\/wp-content\/uploads\/usu517\/2020\/05\/Matem\u00e0tiques-manipulatives-vivencials-i-competencials-per-lescola-Innovamat-2.png\"><img class=\"alignnone size-large wp-image-21099\" src=\"https:\/\/agora.xtec.cat\/iesantanna-premiadedalt\/\/wp-content\/uploads\/usu517\/2020\/05\/Matem\u00e0tiques-manipulatives-vivencials-i-competencials-per-lescola-Innovamat-2-1024x554.png\" alt=\"\" width=\"1024\" height=\"554\" \/><\/a>","link":"https:\/\/agora.xtec.cat\/iesantanna-premiadedalt\/categoria\/projectes-i-arees\/matematiques\/","name":"\u00c0mbit matem\u00e0tic","slug":"matematiques","taxonomy":"category","parent":617,"meta":[],"_links":{"self":[{"href":"https:\/\/agora.xtec.cat\/iesantanna-premiadedalt\/wp-json\/wp\/v2\/categories\/618","targetHints":{"allow":["GET"]}}],"collection":[{"href":"https:\/\/agora.xtec.cat\/iesantanna-premiadedalt\/wp-json\/wp\/v2\/categories"}],"about":[{"href":"https:\/\/agora.xtec.cat\/iesantanna-premiadedalt\/wp-json\/wp\/v2\/taxonomies\/category"}],"up":[{"embeddable":true,"href":"https:\/\/agora.xtec.cat\/iesantanna-premiadedalt\/wp-json\/wp\/v2\/categories\/617"}],"wp:post_type":[{"href":"https:\/\/agora.xtec.cat\/iesantanna-premiadedalt\/wp-json\/wp\/v2\/posts?categories=618"}],"curies":[{"name":"wp","href":"https:\/\/api.w.org\/{rel}","templated":true}]}}