{"id":792,"date":"2021-10-29T06:51:08","date_gmt":"2021-10-29T06:51:08","guid":{"rendered":"http:\/\/insalmenar.cat\/?p=792"},"modified":"2021-10-29T06:51:08","modified_gmt":"2021-10-29T06:51:08","slug":"castanyada-a-laula-dacollida","status":"publish","type":"post","link":"https:\/\/agora.xtec.cat\/iesalmenar\/noticies\/castanyada-a-laula-dacollida\/","title":{"rendered":"Castanyada a l&#8217;Aula d&#8217;acollida!"},"content":{"rendered":"\n<p>Les i els alumnes de l&#8217;aula d&#8217;acollida, apart d&#8217;aprendre catal\u00e0, tamb\u00e9 ens ho passem d&#8217;all\u00f2 m\u00e9s b\u00e9 celebrant les tradicions catalanes. Aquesta setmana hem conegut qu\u00e8&nbsp;\u00e9s la castanyada i hem fet panellets! Els resultats van ser bon\u00edssims! Li hem de donar les gr\u00e0cies a la Marina per la seva &#8220;masterclass&#8221;, hem disfrutat molt!&nbsp;<\/p>\n\n\n\n<p>Bona castanyada a tothom!<\/p>\n\n\n\n<p>Podeu veure les imatges a la galeria: <a href=\"https:\/\/photos.app.goo.gl\/xXcerHwUcPjkbPRP7\" data-type=\"URL\" data-id=\"https:\/\/photos.app.goo.gl\/xXcerHwUcPjkbPRP7\" target=\"_blank\" rel=\"noreferrer noopener\">AQU\u00cd<\/a>!<\/p>\n","protected":false},"excerpt":{"rendered":"<p>Les i els alumnes de l&#8217;aula d&#8217;acollida, apart d&#8217;aprendre catal\u00e0, tamb\u00e9 ens ho passem d&#8217;all\u00f2 m\u00e9s b\u00e9 celebrant les tradicions catalanes. Aquesta setmana hem conegut qu\u00e8&nbsp;\u00e9s la castanyada i hem fet panellets! Els resultats van ser bon\u00edssims! Li hem de donar les gr\u00e0cies a la&hellip;  <a href=\"https:\/\/agora.xtec.cat\/iesalmenar\/noticies\/castanyada-a-laula-dacollida\/\" title=\"Read Castanyada a l&#8217;Aula d&#8217;acollida!\">Llegeix m\u00e9s\u00bb<\/a><\/p>\n","protected":false},"author":1,"featured_media":793,"comment_status":"closed","ping_status":"closed","sticky":false,"template":"","format":"standard","meta":{"_bbp_topic_count":0,"_bbp_reply_count":0,"_bbp_total_topic_count":0,"_bbp_total_reply_count":0,"_bbp_voice_count":0,"_bbp_anonymous_reply_count":0,"_bbp_topic_count_hidden":0,"_bbp_reply_count_hidden":0,"_bbp_forum_subforum_count":0,"footnotes":""},"categories":[262],"tags":[],"class_list":["post-792","post","type-post","status-publish","format-standard","has-post-thumbnail","hentry","category-noticies"],"post_mailing_queue_ids":[],"_links":{"self":[{"href":"https:\/\/agora.xtec.cat\/iesalmenar\/wp-json\/wp\/v2\/posts\/792","targetHints":{"allow":["GET"]}}],"collection":[{"href":"https:\/\/agora.xtec.cat\/iesalmenar\/wp-json\/wp\/v2\/posts"}],"about":[{"href":"https:\/\/agora.xtec.cat\/iesalmenar\/wp-json\/wp\/v2\/types\/post"}],"author":[{"embeddable":true,"href":"https:\/\/agora.xtec.cat\/iesalmenar\/wp-json\/wp\/v2\/users\/1"}],"replies":[{"embeddable":true,"href":"https:\/\/agora.xtec.cat\/iesalmenar\/wp-json\/wp\/v2\/comments?post=792"}],"version-history":[{"count":0,"href":"https:\/\/agora.xtec.cat\/iesalmenar\/wp-json\/wp\/v2\/posts\/792\/revisions"}],"wp:featuredmedia":[{"embeddable":true,"href":"https:\/\/agora.xtec.cat\/iesalmenar\/wp-json\/"}],"wp:attachment":[{"href":"https:\/\/agora.xtec.cat\/iesalmenar\/wp-json\/wp\/v2\/media?parent=792"}],"wp:term":[{"taxonomy":"category","embeddable":true,"href":"https:\/\/agora.xtec.cat\/iesalmenar\/wp-json\/wp\/v2\/categories?post=792"},{"taxonomy":"post_tag","embeddable":true,"href":"https:\/\/agora.xtec.cat\/iesalmenar\/wp-json\/wp\/v2\/tags?post=792"}],"curies":[{"name":"wp","href":"https:\/\/api.w.org\/{rel}","templated":true}]}}