{"id":6192,"date":"2026-09-04T14:03:50","date_gmt":"2026-09-04T12:03:50","guid":{"rendered":"https:\/\/agora.xtec.cat\/iesalmenar\/?p=6192"},"modified":"2026-09-04T14:04:19","modified_gmt":"2026-09-04T12:04:19","slug":"places-vacants-cfgm","status":"publish","type":"post","link":"https:\/\/agora.xtec.cat\/iesalmenar\/portada\/places-vacants-cfgm\/","title":{"rendered":"Places vacants CFGM"},"content":{"rendered":"<p>El dia 7 de setembre publicarem les places vacants, per centre educatiu.<\/p>\n<p>Per accedir a aquestes places, <strong>caldr\u00e0 que t&#8217;apuntis al web del centre escollit (no hi vagis presencialment)<\/strong> durant el dia 7 de setembre.<\/p>\n<p>Del 8 al 10 de setembre el centre es posar\u00e0 en contacte amb tu per gestionar la teva sol\u00b7licitud.<\/p>\n<p>El centre atendr\u00e0 l&#8217;alumnat seguint l&#8217;ordre assignat pel gestor de cues. Quan arribi el teu torn, podr\u00e0s optar a qualsevol de les vacants disponibles en aquell moment i dels cicles formatius per als quals compleixis els requisits d&#8217;acc\u00e9s.<\/p>\n<p>Per tant, la possibilitat d&#8217;obtenir pla\u00e7a dependr\u00e0 tant de la posici\u00f3 a la cua com de les vacants disponibles en cada cicle en el moment de l&#8217;atenci\u00f3.<\/p>\n<p><a href=\"https:\/\/aplicacions.gestioeducativa.gencat.cat\/ords\/pls\/apex\/f?p=20160079072543618:650:::NO:650:P650_CENTRE:4965D7B662406A8CA466532AB437B6813991534702BB7A5D\">Acc\u00e9s a la cua de places vacants<\/a><\/p>\n","protected":false},"excerpt":{"rendered":"<p>El dia 7 de setembre publicarem les places vacants, per centre educatiu.<br \/>\nPer accedir a aquestes places, caldr\u00e0 que t&#8217;apuntis al web del centre escollit (no hi vagis presencialment) durant el dia 7 de setembre.<br \/>\nDel 8 al 10 de setembre el centre es posar\u00e0 en contacte&hellip;  <a href=\"https:\/\/agora.xtec.cat\/iesalmenar\/portada\/places-vacants-cfgm\/\" title=\"Read Places vacants CFGM\">Llegeix m\u00e9s\u00bb<\/a><\/p>\n","protected":false},"author":1,"featured_media":0,"comment_status":"open","ping_status":"open","sticky":false,"template":"","format":"standard","meta":{"_bbp_topic_count":0,"_bbp_reply_count":0,"_bbp_total_topic_count":0,"_bbp_total_reply_count":0,"_bbp_voice_count":0,"_bbp_anonymous_reply_count":0,"_bbp_topic_count_hidden":0,"_bbp_reply_count_hidden":0,"_bbp_forum_subforum_count":0,"footnotes":""},"categories":[262,29],"tags":[],"class_list":["post-6192","post","type-post","status-publish","format-standard","hentry","category-noticies","category-portada"],"post_mailing_queue_ids":[],"_links":{"self":[{"href":"https:\/\/agora.xtec.cat\/iesalmenar\/wp-json\/wp\/v2\/posts\/6192","targetHints":{"allow":["GET"]}}],"collection":[{"href":"https:\/\/agora.xtec.cat\/iesalmenar\/wp-json\/wp\/v2\/posts"}],"about":[{"href":"https:\/\/agora.xtec.cat\/iesalmenar\/wp-json\/wp\/v2\/types\/post"}],"author":[{"embeddable":true,"href":"https:\/\/agora.xtec.cat\/iesalmenar\/wp-json\/wp\/v2\/users\/1"}],"replies":[{"embeddable":true,"href":"https:\/\/agora.xtec.cat\/iesalmenar\/wp-json\/wp\/v2\/comments?post=6192"}],"version-history":[{"count":1,"href":"https:\/\/agora.xtec.cat\/iesalmenar\/wp-json\/wp\/v2\/posts\/6192\/revisions"}],"predecessor-version":[{"id":6193,"href":"https:\/\/agora.xtec.cat\/iesalmenar\/wp-json\/wp\/v2\/posts\/6192\/revisions\/6193"}],"wp:attachment":[{"href":"https:\/\/agora.xtec.cat\/iesalmenar\/wp-json\/wp\/v2\/media?parent=6192"}],"wp:term":[{"taxonomy":"category","embeddable":true,"href":"https:\/\/agora.xtec.cat\/iesalmenar\/wp-json\/wp\/v2\/categories?post=6192"},{"taxonomy":"post_tag","embeddable":true,"href":"https:\/\/agora.xtec.cat\/iesalmenar\/wp-json\/wp\/v2\/tags?post=6192"}],"curies":[{"name":"wp","href":"https:\/\/api.w.org\/{rel}","templated":true}]}}