{"id":6016,"date":"2026-05-01T09:59:02","date_gmt":"2026-05-01T07:59:02","guid":{"rendered":"https:\/\/agora.xtec.cat\/iesalmenar\/?p=6016"},"modified":"2026-04-29T21:00:15","modified_gmt":"2026-04-29T19:00:15","slug":"lalumnat-de-4t-deso-assisteix-a-lobra-ruhe-silenci","status":"publish","type":"post","link":"https:\/\/agora.xtec.cat\/iesalmenar\/noticies\/lalumnat-de-4t-deso-assisteix-a-lobra-ruhe-silenci\/","title":{"rendered":"L\u2019alumnat de 4t d\u2019ESO assisteix a l\u2019obra \u201cRuhe (Silenci)\u201d"},"content":{"rendered":"<p data-start=\"1014\" data-end=\"1152\"><em data-start=\"1078\" data-end=\"1152\">Una proposta teatral per reflexionar sobre la deportaci\u00f3 als camps nazis<\/em><\/p>\n<p data-start=\"1154\" data-end=\"1438\">Aquesta setmana, l\u2019alumnat de 4t d\u2019ESO ha assistit a la representaci\u00f3 de l\u2019obra <em data-start=\"1234\" data-end=\"1273\"><span class=\"hover:entity-accent entity-underline inline cursor-pointer align-baseline\"><span class=\"whitespace-normal\">Ruhe (Silenci)<\/span><\/span><\/em>, a la <span class=\"hover:entity-accent entity-underline inline cursor-pointer align-baseline\"><span class=\"whitespace-normal\">Sala 1 d\u2019Octubre<\/span><\/span> d\u2019<span class=\"hover:entity-accent entity-underline inline cursor-pointer align-baseline\"><span class=\"whitespace-normal\">Almenar<\/span><\/span>, en el marc de les activitats del Departament de Socials (Geografia i Hist\u00f2ria).<\/p>\n<p data-start=\"1440\" data-end=\"1743\">L\u2019obra aborda la deportaci\u00f3 de persones de Lleida als camps nazis, tot mostrant el viatge, l\u2019arribada dels presoners i les dures condicions de vida dins dels camps. Tamb\u00e9 posa \u00e8mfasi en els costums que havien d\u2019adoptar per sobreviure i en la lluita constant contra la deshumanitzaci\u00f3 i el maltractament.<\/p>\n<p data-start=\"1745\" data-end=\"1928\">A m\u00e9s, la representaci\u00f3 destaca la import\u00e0ncia de trobar petits moments de dignitat, elements clau que permetien als deportats mantenir l\u2019esperan\u00e7a i la seva identitat com a persones.<\/p>\n<p data-start=\"1930\" data-end=\"2147\">A trav\u00e9s d\u2019aquesta proposta teatral, es convida l\u2019alumnat a reflexionar sobre aquest episodi tan convuls de la hist\u00f2ria d\u2019Europa i a prendre consci\u00e8ncia del vincle que encara avui tenim amb aquesta realitat hist\u00f2rica.<\/p>\n<p data-start=\"2149\" data-end=\"2265\">Aquesta activitat refor\u00e7a el treball de mem\u00f2ria hist\u00f2rica i contribueix a la formaci\u00f3 cr\u00edtica i humana de l\u2019alumnat.<\/p>\n","protected":false},"excerpt":{"rendered":"<p>Una proposta teatral per reflexionar sobre la deportaci\u00f3 als camps nazis<br \/>\nAquesta setmana, l\u2019alumnat de 4t d\u2019ESO ha assistit a la representaci\u00f3 de l\u2019obra Ruhe (Silenci), a la Sala 1 d\u2019Octubre d\u2019Almenar, en el marc de les activitats del Departament de Socials (Geografia i Hist\u00f2ria).<br \/>\nL\u2019obra aborda&hellip;  <a href=\"https:\/\/agora.xtec.cat\/iesalmenar\/noticies\/lalumnat-de-4t-deso-assisteix-a-lobra-ruhe-silenci\/\" title=\"Read L\u2019alumnat de 4t d\u2019ESO assisteix a l\u2019obra \u201cRuhe (Silenci)\u201d\">Llegeix m\u00e9s\u00bb<\/a><\/p>\n","protected":false},"author":1,"featured_media":6017,"comment_status":"open","ping_status":"open","sticky":false,"template":"","format":"standard","meta":{"_bbp_topic_count":0,"_bbp_reply_count":0,"_bbp_total_topic_count":0,"_bbp_total_reply_count":0,"_bbp_voice_count":0,"_bbp_anonymous_reply_count":0,"_bbp_topic_count_hidden":0,"_bbp_reply_count_hidden":0,"_bbp_forum_subforum_count":0,"footnotes":""},"categories":[262],"tags":[],"class_list":["post-6016","post","type-post","status-publish","format-standard","has-post-thumbnail","hentry","category-noticies"],"post_mailing_queue_ids":[],"_links":{"self":[{"href":"https:\/\/agora.xtec.cat\/iesalmenar\/wp-json\/wp\/v2\/posts\/6016","targetHints":{"allow":["GET"]}}],"collection":[{"href":"https:\/\/agora.xtec.cat\/iesalmenar\/wp-json\/wp\/v2\/posts"}],"about":[{"href":"https:\/\/agora.xtec.cat\/iesalmenar\/wp-json\/wp\/v2\/types\/post"}],"author":[{"embeddable":true,"href":"https:\/\/agora.xtec.cat\/iesalmenar\/wp-json\/wp\/v2\/users\/1"}],"replies":[{"embeddable":true,"href":"https:\/\/agora.xtec.cat\/iesalmenar\/wp-json\/wp\/v2\/comments?post=6016"}],"version-history":[{"count":1,"href":"https:\/\/agora.xtec.cat\/iesalmenar\/wp-json\/wp\/v2\/posts\/6016\/revisions"}],"predecessor-version":[{"id":6018,"href":"https:\/\/agora.xtec.cat\/iesalmenar\/wp-json\/wp\/v2\/posts\/6016\/revisions\/6018"}],"wp:featuredmedia":[{"embeddable":true,"href":"https:\/\/agora.xtec.cat\/iesalmenar\/wp-json\/wp\/v2\/media\/6017"}],"wp:attachment":[{"href":"https:\/\/agora.xtec.cat\/iesalmenar\/wp-json\/wp\/v2\/media?parent=6016"}],"wp:term":[{"taxonomy":"category","embeddable":true,"href":"https:\/\/agora.xtec.cat\/iesalmenar\/wp-json\/wp\/v2\/categories?post=6016"},{"taxonomy":"post_tag","embeddable":true,"href":"https:\/\/agora.xtec.cat\/iesalmenar\/wp-json\/wp\/v2\/tags?post=6016"}],"curies":[{"name":"wp","href":"https:\/\/api.w.org\/{rel}","templated":true}]}}