{"id":6012,"date":"2026-04-30T10:53:48","date_gmt":"2026-04-30T08:53:48","guid":{"rendered":"https:\/\/agora.xtec.cat\/iesalmenar\/?p=6012"},"modified":"2026-04-29T20:55:03","modified_gmt":"2026-04-29T18:55:03","slug":"sortida-a-la-vall-de-carreu-i-la-reserva-de-boumort-amb-pep-coll","status":"publish","type":"post","link":"https:\/\/agora.xtec.cat\/iesalmenar\/noticies\/sortida-a-la-vall-de-carreu-i-la-reserva-de-boumort-amb-pep-coll\/","title":{"rendered":"Sortida a la Vall de Carreu i la Reserva de Boumort amb Pep Coll"},"content":{"rendered":"<p data-start=\"1008\" data-end=\"1141\"><em data-start=\"1079\" data-end=\"1141\">Una jornada de natura, literatura i descoberta del territori<\/em><\/p>\n<p data-start=\"1143\" data-end=\"1402\">El passat 27 d\u2019abril de 2026, l\u2019alumnat va realitzar una sortida a la <span class=\"hover:entity-accent entity-underline inline cursor-pointer align-baseline\"><span class=\"whitespace-normal\">Vall de Carreu<\/span><\/span>, conjuntament amb la visita a la <span class=\"hover:entity-accent entity-underline inline cursor-pointer align-baseline\"><span class=\"whitespace-normal\">Reserva Nacional de Ca\u00e7a de Boumort<\/span><\/span>, en el marc de les activitats del Departament de Socials (Geografia i Hist\u00f2ria).<\/p>\n<p data-start=\"1404\" data-end=\"1713\">La jornada va comen\u00e7ar amb una caminada des de Pessonada fins a Herba Savina, guiada per l\u2019escriptor <span class=\"hover:entity-accent entity-underline inline cursor-pointer align-baseline\"><span class=\"whitespace-normal\">Pep Coll<\/span><\/span>, autor de l\u2019obra <em data-start=\"1560\" data-end=\"1601\"><span class=\"hover:entity-accent entity-underline inline cursor-pointer align-baseline\"><span class=\"whitespace-normal\">Dos ta\u00fcts negres i dos de blancs<\/span><\/span><\/em>. Durant el recorregut, l\u2019alumnat va poder con\u00e8ixer de primera m\u00e0 els paisatges que inspiren la seva literatura.<\/p>\n<p data-start=\"1715\" data-end=\"1869\">Posteriorment, es va dur a terme una xerrada amb el mateix autor, que va permetre aprofundir en la seva obra i en la relaci\u00f3 entre literatura i territori.<\/p>\n<p data-start=\"1871\" data-end=\"2186\">La sortida es va completar amb una activitat d\u2019observaci\u00f3 de fauna, guiada per les guardes de la reserva. Mitjan\u00e7ant telescopis, els estudiants van poder observar aus carronyaires i altres esp\u00e8cies pr\u00f2pies de la zona, aix\u00ed com con\u00e8ixer les seves caracter\u00edstiques i la import\u00e0ncia de la conservaci\u00f3 del medi natural.<\/p>\n<p data-start=\"2188\" data-end=\"2374\">Aquesta activitat ha estat una oportunitat per integrar coneixements de geografia, hist\u00f2ria, literatura i medi ambient, tot fomentant el vincle amb l\u2019entorn natural del nostre territori.<\/p>\n","protected":false},"excerpt":{"rendered":"<p>Una jornada de natura, literatura i descoberta del territori<br \/>\nEl passat 27 d\u2019abril de 2026, l\u2019alumnat va realitzar una sortida a la Vall de Carreu, conjuntament amb la visita a la Reserva Nacional de Ca\u00e7a de Boumort, en el marc de les activitats del Departament de&hellip;  <a href=\"https:\/\/agora.xtec.cat\/iesalmenar\/noticies\/sortida-a-la-vall-de-carreu-i-la-reserva-de-boumort-amb-pep-coll\/\" title=\"Read Sortida a la Vall de Carreu i la Reserva de Boumort amb Pep Coll\">Llegeix m\u00e9s\u00bb<\/a><\/p>\n","protected":false},"author":1,"featured_media":6013,"comment_status":"open","ping_status":"open","sticky":false,"template":"","format":"standard","meta":{"_bbp_topic_count":0,"_bbp_reply_count":0,"_bbp_total_topic_count":0,"_bbp_total_reply_count":0,"_bbp_voice_count":0,"_bbp_anonymous_reply_count":0,"_bbp_topic_count_hidden":0,"_bbp_reply_count_hidden":0,"_bbp_forum_subforum_count":0,"footnotes":""},"categories":[262],"tags":[],"class_list":["post-6012","post","type-post","status-publish","format-standard","has-post-thumbnail","hentry","category-noticies"],"post_mailing_queue_ids":[],"_links":{"self":[{"href":"https:\/\/agora.xtec.cat\/iesalmenar\/wp-json\/wp\/v2\/posts\/6012","targetHints":{"allow":["GET"]}}],"collection":[{"href":"https:\/\/agora.xtec.cat\/iesalmenar\/wp-json\/wp\/v2\/posts"}],"about":[{"href":"https:\/\/agora.xtec.cat\/iesalmenar\/wp-json\/wp\/v2\/types\/post"}],"author":[{"embeddable":true,"href":"https:\/\/agora.xtec.cat\/iesalmenar\/wp-json\/wp\/v2\/users\/1"}],"replies":[{"embeddable":true,"href":"https:\/\/agora.xtec.cat\/iesalmenar\/wp-json\/wp\/v2\/comments?post=6012"}],"version-history":[{"count":1,"href":"https:\/\/agora.xtec.cat\/iesalmenar\/wp-json\/wp\/v2\/posts\/6012\/revisions"}],"predecessor-version":[{"id":6014,"href":"https:\/\/agora.xtec.cat\/iesalmenar\/wp-json\/wp\/v2\/posts\/6012\/revisions\/6014"}],"wp:featuredmedia":[{"embeddable":true,"href":"https:\/\/agora.xtec.cat\/iesalmenar\/wp-json\/wp\/v2\/media\/6013"}],"wp:attachment":[{"href":"https:\/\/agora.xtec.cat\/iesalmenar\/wp-json\/wp\/v2\/media?parent=6012"}],"wp:term":[{"taxonomy":"category","embeddable":true,"href":"https:\/\/agora.xtec.cat\/iesalmenar\/wp-json\/wp\/v2\/categories?post=6012"},{"taxonomy":"post_tag","embeddable":true,"href":"https:\/\/agora.xtec.cat\/iesalmenar\/wp-json\/wp\/v2\/tags?post=6012"}],"curies":[{"name":"wp","href":"https:\/\/api.w.org\/{rel}","templated":true}]}}