{"id":6009,"date":"2026-04-30T09:50:07","date_gmt":"2026-04-30T07:50:07","guid":{"rendered":"https:\/\/agora.xtec.cat\/iesalmenar\/?p=6009"},"modified":"2026-04-29T20:50:51","modified_gmt":"2026-04-29T18:50:51","slug":"sortida-cultural-a-barcelona-de-lalumnat-de-religio-i-historia-de-lart","status":"publish","type":"post","link":"https:\/\/agora.xtec.cat\/iesalmenar\/noticies\/sortida-cultural-a-barcelona-de-lalumnat-de-religio-i-historia-de-lart\/","title":{"rendered":"Sortida cultural a Barcelona de l\u2019alumnat de Religi\u00f3 i Hist\u00f2ria de l\u2019Art"},"content":{"rendered":"<p data-start=\"1037\" data-end=\"1181\"><em data-start=\"1116\" data-end=\"1181\">Visita a la Sagrada Fam\u00edlia i al Recinte Modernista de Sant Pau<\/em><\/p>\n<p data-start=\"1183\" data-end=\"1374\">El dilluns 27 d\u2019abril, l\u2019alumnat de Religi\u00f3 de 1r i 2n d\u2019ESO i d\u2019Hist\u00f2ria de l\u2019Art de 2n de Batxillerat va realitzar una sortida cultural a la ciutat de <span class=\"hover:entity-accent entity-underline inline cursor-pointer align-baseline\"><span class=\"whitespace-normal\">Barcelona<\/span><\/span>.<\/p>\n<p data-start=\"1376\" data-end=\"1775\">Durant el mat\u00ed, els estudiants van participar en una visita guiada a la <span class=\"hover:entity-accent entity-underline inline cursor-pointer align-baseline\"><span class=\"whitespace-normal\">Sagrada Fam\u00edlia<\/span><\/span>, on van poder con\u00e8ixer de primera m\u00e0 els darrers aven\u00e7os en la construcci\u00f3 del temple. Es va posar especial \u00e8mfasi en la culminaci\u00f3 de la torre de Jes\u00fas, que ha convertit l\u2019edifici en l\u2019esgl\u00e9sia m\u00e9s alta del m\u00f3n, aix\u00ed com en les torres dedicades a la Verge Maria i als quatre evangelistes.<\/p>\n<p data-start=\"1777\" data-end=\"2100\">A la tarda, tamb\u00e9 amb visita guiada, l\u2019alumnat va rec\u00f3rrer el <span class=\"hover:entity-accent entity-underline inline cursor-pointer align-baseline\"><span class=\"whitespace-normal\">Recinte Modernista de Sant Pau<\/span><\/span>, considerat el conjunt modernista m\u00e9s gran d\u2019Europa i declarat Patrimoni de la Humanitat per la UNESCO. Aquesta visita va permetre aprofundir en el coneixement del modernisme catal\u00e0 i del seu valor arquitect\u00f2nic i cultural.<\/p>\n<p data-start=\"2102\" data-end=\"2282\">Aquesta sortida s\u2019emmarca dins les activitats pedag\u00f2giques del centre orientades a complementar l\u2019aprenentatge a l\u2019aula i fomentar el coneixement del patrimoni art\u00edstic i hist\u00f2ric.<\/p>\n","protected":false},"excerpt":{"rendered":"<p>Visita a la Sagrada Fam\u00edlia i al Recinte Modernista de Sant Pau<br \/>\nEl dilluns 27 d\u2019abril, l\u2019alumnat de Religi\u00f3 de 1r i 2n d\u2019ESO i d\u2019Hist\u00f2ria de l\u2019Art de 2n de Batxillerat va realitzar una sortida cultural a la ciutat de Barcelona.<br \/>\nDurant el mat\u00ed, els estudiants&hellip;  <a href=\"https:\/\/agora.xtec.cat\/iesalmenar\/noticies\/sortida-cultural-a-barcelona-de-lalumnat-de-religio-i-historia-de-lart\/\" title=\"Read Sortida cultural a Barcelona de l\u2019alumnat de Religi\u00f3 i Hist\u00f2ria de l\u2019Art\">Llegeix m\u00e9s\u00bb<\/a><\/p>\n","protected":false},"author":1,"featured_media":6010,"comment_status":"open","ping_status":"open","sticky":false,"template":"","format":"standard","meta":{"_bbp_topic_count":0,"_bbp_reply_count":0,"_bbp_total_topic_count":0,"_bbp_total_reply_count":0,"_bbp_voice_count":0,"_bbp_anonymous_reply_count":0,"_bbp_topic_count_hidden":0,"_bbp_reply_count_hidden":0,"_bbp_forum_subforum_count":0,"footnotes":""},"categories":[262],"tags":[],"class_list":["post-6009","post","type-post","status-publish","format-standard","has-post-thumbnail","hentry","category-noticies"],"post_mailing_queue_ids":[],"_links":{"self":[{"href":"https:\/\/agora.xtec.cat\/iesalmenar\/wp-json\/wp\/v2\/posts\/6009","targetHints":{"allow":["GET"]}}],"collection":[{"href":"https:\/\/agora.xtec.cat\/iesalmenar\/wp-json\/wp\/v2\/posts"}],"about":[{"href":"https:\/\/agora.xtec.cat\/iesalmenar\/wp-json\/wp\/v2\/types\/post"}],"author":[{"embeddable":true,"href":"https:\/\/agora.xtec.cat\/iesalmenar\/wp-json\/wp\/v2\/users\/1"}],"replies":[{"embeddable":true,"href":"https:\/\/agora.xtec.cat\/iesalmenar\/wp-json\/wp\/v2\/comments?post=6009"}],"version-history":[{"count":1,"href":"https:\/\/agora.xtec.cat\/iesalmenar\/wp-json\/wp\/v2\/posts\/6009\/revisions"}],"predecessor-version":[{"id":6011,"href":"https:\/\/agora.xtec.cat\/iesalmenar\/wp-json\/wp\/v2\/posts\/6009\/revisions\/6011"}],"wp:featuredmedia":[{"embeddable":true,"href":"https:\/\/agora.xtec.cat\/iesalmenar\/wp-json\/wp\/v2\/media\/6010"}],"wp:attachment":[{"href":"https:\/\/agora.xtec.cat\/iesalmenar\/wp-json\/wp\/v2\/media?parent=6009"}],"wp:term":[{"taxonomy":"category","embeddable":true,"href":"https:\/\/agora.xtec.cat\/iesalmenar\/wp-json\/wp\/v2\/categories?post=6009"},{"taxonomy":"post_tag","embeddable":true,"href":"https:\/\/agora.xtec.cat\/iesalmenar\/wp-json\/wp\/v2\/tags?post=6009"}],"curies":[{"name":"wp","href":"https:\/\/api.w.org\/{rel}","templated":true}]}}