{"id":5997,"date":"2026-04-27T08:47:54","date_gmt":"2026-04-27T06:47:54","guid":{"rendered":"https:\/\/agora.xtec.cat\/iesalmenar\/?p=5997"},"modified":"2026-04-24T08:53:38","modified_gmt":"2026-04-24T06:53:38","slug":"parlem-de-tendencies-de-mercat-amb-lalumnat-de-cicles-formatius","status":"publish","type":"post","link":"https:\/\/agora.xtec.cat\/iesalmenar\/noticies\/parlem-de-tendencies-de-mercat-amb-lalumnat-de-cicles-formatius\/","title":{"rendered":"Parlem de tend\u00e8ncies de mercat amb l&#8217;alumnat de cicles formatius"},"content":{"rendered":"<p data-path-to-node=\"12\">Des del Consell Comarcal ens han vingut a presentar l&#8217;\u00faltim pas abans de la inserci\u00f3 al m\u00f3n laboral. Hem parlat de compet\u00e8ncies i habilitats a tenir en compte dins de les diferents feines i com arribar a elles.<\/p>\n<p data-path-to-node=\"12\">Tamb\u00e9, hem vist com el m\u00f3n laboral canvia constantment i com hem d&#8217;adaptar-nos a les diferents necessitats que marca el sector. A m\u00e9s a m\u00e9s, una part m\u00e9s t\u00e8cnica sobre tipologies contractuals per con\u00e8ixer qu\u00e8 ens trobarem en el nostre cam\u00ed professional.<\/p>\n","protected":false},"excerpt":{"rendered":"<p>Des del Consell Comarcal ens han vingut a presentar l&#8217;\u00faltim pas abans de la inserci\u00f3 al m\u00f3n laboral. Hem parlat de compet\u00e8ncies i habilitats a tenir en compte dins de les diferents feines i com arribar a elles.<br \/>\nTamb\u00e9, hem vist com el m\u00f3n laboral canvia&hellip;  <a href=\"https:\/\/agora.xtec.cat\/iesalmenar\/noticies\/parlem-de-tendencies-de-mercat-amb-lalumnat-de-cicles-formatius\/\" title=\"Read Parlem de tend\u00e8ncies de mercat amb l&#8217;alumnat de cicles formatius\">Llegeix m\u00e9s\u00bb<\/a><\/p>\n","protected":false},"author":1,"featured_media":5998,"comment_status":"open","ping_status":"open","sticky":false,"template":"","format":"standard","meta":{"_bbp_topic_count":0,"_bbp_reply_count":0,"_bbp_total_topic_count":0,"_bbp_total_reply_count":0,"_bbp_voice_count":0,"_bbp_anonymous_reply_count":0,"_bbp_topic_count_hidden":0,"_bbp_reply_count_hidden":0,"_bbp_forum_subforum_count":0,"footnotes":""},"categories":[262],"tags":[],"class_list":["post-5997","post","type-post","status-publish","format-standard","has-post-thumbnail","hentry","category-noticies"],"post_mailing_queue_ids":[],"_links":{"self":[{"href":"https:\/\/agora.xtec.cat\/iesalmenar\/wp-json\/wp\/v2\/posts\/5997","targetHints":{"allow":["GET"]}}],"collection":[{"href":"https:\/\/agora.xtec.cat\/iesalmenar\/wp-json\/wp\/v2\/posts"}],"about":[{"href":"https:\/\/agora.xtec.cat\/iesalmenar\/wp-json\/wp\/v2\/types\/post"}],"author":[{"embeddable":true,"href":"https:\/\/agora.xtec.cat\/iesalmenar\/wp-json\/wp\/v2\/users\/1"}],"replies":[{"embeddable":true,"href":"https:\/\/agora.xtec.cat\/iesalmenar\/wp-json\/wp\/v2\/comments?post=5997"}],"version-history":[{"count":1,"href":"https:\/\/agora.xtec.cat\/iesalmenar\/wp-json\/wp\/v2\/posts\/5997\/revisions"}],"predecessor-version":[{"id":5999,"href":"https:\/\/agora.xtec.cat\/iesalmenar\/wp-json\/wp\/v2\/posts\/5997\/revisions\/5999"}],"wp:featuredmedia":[{"embeddable":true,"href":"https:\/\/agora.xtec.cat\/iesalmenar\/wp-json\/wp\/v2\/media\/5998"}],"wp:attachment":[{"href":"https:\/\/agora.xtec.cat\/iesalmenar\/wp-json\/wp\/v2\/media?parent=5997"}],"wp:term":[{"taxonomy":"category","embeddable":true,"href":"https:\/\/agora.xtec.cat\/iesalmenar\/wp-json\/wp\/v2\/categories?post=5997"},{"taxonomy":"post_tag","embeddable":true,"href":"https:\/\/agora.xtec.cat\/iesalmenar\/wp-json\/wp\/v2\/tags?post=5997"}],"curies":[{"name":"wp","href":"https:\/\/api.w.org\/{rel}","templated":true}]}}