{"id":5991,"date":"2026-04-29T09:36:38","date_gmt":"2026-04-29T07:36:38","guid":{"rendered":"https:\/\/agora.xtec.cat\/iesalmenar\/?p=5991"},"modified":"2026-04-23T09:37:28","modified_gmt":"2026-04-23T07:37:28","slug":"linstitut-sadhereix-al-moviment-dels-dimecres-grocs-en-defensa-de-leducacio-publica","status":"publish","type":"post","link":"https:\/\/agora.xtec.cat\/iesalmenar\/noticies\/linstitut-sadhereix-al-moviment-dels-dimecres-grocs-en-defensa-de-leducacio-publica\/","title":{"rendered":"L\u2019institut s\u2019adhereix al moviment dels Dimecres grocs en defensa de l\u2019educaci\u00f3 p\u00fablica"},"content":{"rendered":"<p data-start=\"1652\" data-end=\"1734\"><em data-start=\"1652\" data-end=\"1734\">El centre reclama millores estructurals i anuncia noves accions de reivindicaci\u00f3<\/em><\/p>\n<p data-start=\"1736\" data-end=\"1938\">L\u2019institut reafirma el seu comprom\u00eds amb la defensa d\u2019una educaci\u00f3 p\u00fablica de qualitat a trav\u00e9s de la participaci\u00f3 en els anomenats \u201cDimecres grocs\u201d, una iniciativa de reivindicaci\u00f3 del sector educatiu.<\/p>\n<p data-start=\"1940\" data-end=\"2364\">Entre les principals demandes del centre hi ha la reducci\u00f3 de les r\u00e0tios a l\u2019aula i l\u2019increment de professorat per garantir una millor atenci\u00f3 a l\u2019alumnat, la disminuci\u00f3 de la c\u00e0rrega burocr\u00e0tica per prioritzar la tasca educativa, la millora de les condicions salarials del professorat \u2014que ha perdut poder adquisitiu en comparaci\u00f3 amb altres comunitats\u2014 i l\u2019augment de recursos i suport per al personal d\u2019atenci\u00f3 educativa.<\/p>\n<p data-start=\"2366\" data-end=\"2663\">Davant la manca de resposta a aquestes reivindicacions, el centre ha decidit continuar impulsant diferents accions. En aquest sentit, el claustre de professorat, per unanimitat, i el consell escolar han aprovat adherir-se al manifest per aturar les sortides i col\u00f2nies a partir del curs 2026-2027.<\/p>\n<p data-start=\"2665\" data-end=\"3144\">Aquesta mesura s\u2019emmarca en una iniciativa col\u00b7lectiva de centres educatius d\u2019arreu de Catalunya i consisteix a deixar de realitzar activitats fora del centre, com sortides pedag\u00f2giques, excursions i col\u00f2nies escolars. Tot i el seu alt valor educatiu i formatiu, aquestes activitats comporten una dedicaci\u00f3, una responsabilitat i una c\u00e0rrega organitzativa importants per al professorat, que actualment no es veuen prou reconegudes ni compensades en les seves condicions laborals.<\/p>\n<p data-start=\"3146\" data-end=\"3491\">Amb aquesta acci\u00f3, el professorat vol visibilitzar aquesta situaci\u00f3 i exercir pressi\u00f3 per reclamar al Departament d\u2019Educaci\u00f3 millores estructurals urgents, tant en recursos humans com en condicions de treball. La mesura, prevista a partir del curs 2026-2027, es planteja com una acci\u00f3 sostinguda per afavorir canvis reals en el sistema educatiu.<\/p>\n<p data-start=\"3493\" data-end=\"3683\">Des del centre es recorda que aquestes mancances tenen un impacte directe en la qualitat educativa i en el dia a dia de l\u2019alumnat, i es fa una crida a la comprensi\u00f3 i suport de les fam\u00edlies.<\/p>\n","protected":false},"excerpt":{"rendered":"<p>El centre reclama millores estructurals i anuncia noves accions de reivindicaci\u00f3<br \/>\nL\u2019institut reafirma el seu comprom\u00eds amb la defensa d\u2019una educaci\u00f3 p\u00fablica de qualitat a trav\u00e9s de la participaci\u00f3 en els anomenats \u201cDimecres grocs\u201d, una iniciativa de reivindicaci\u00f3 del sector educatiu.<br \/>\nEntre les principals demandes del centre&hellip;  <a href=\"https:\/\/agora.xtec.cat\/iesalmenar\/noticies\/linstitut-sadhereix-al-moviment-dels-dimecres-grocs-en-defensa-de-leducacio-publica\/\" title=\"Read L\u2019institut s\u2019adhereix al moviment dels Dimecres grocs en defensa de l\u2019educaci\u00f3 p\u00fablica\">Llegeix m\u00e9s\u00bb<\/a><\/p>\n","protected":false},"author":1,"featured_media":5992,"comment_status":"open","ping_status":"open","sticky":false,"template":"","format":"standard","meta":{"_bbp_topic_count":0,"_bbp_reply_count":0,"_bbp_total_topic_count":0,"_bbp_total_reply_count":0,"_bbp_voice_count":0,"_bbp_anonymous_reply_count":0,"_bbp_topic_count_hidden":0,"_bbp_reply_count_hidden":0,"_bbp_forum_subforum_count":0,"footnotes":""},"categories":[262],"tags":[],"class_list":["post-5991","post","type-post","status-publish","format-standard","has-post-thumbnail","hentry","category-noticies"],"post_mailing_queue_ids":[],"_links":{"self":[{"href":"https:\/\/agora.xtec.cat\/iesalmenar\/wp-json\/wp\/v2\/posts\/5991","targetHints":{"allow":["GET"]}}],"collection":[{"href":"https:\/\/agora.xtec.cat\/iesalmenar\/wp-json\/wp\/v2\/posts"}],"about":[{"href":"https:\/\/agora.xtec.cat\/iesalmenar\/wp-json\/wp\/v2\/types\/post"}],"author":[{"embeddable":true,"href":"https:\/\/agora.xtec.cat\/iesalmenar\/wp-json\/wp\/v2\/users\/1"}],"replies":[{"embeddable":true,"href":"https:\/\/agora.xtec.cat\/iesalmenar\/wp-json\/wp\/v2\/comments?post=5991"}],"version-history":[{"count":1,"href":"https:\/\/agora.xtec.cat\/iesalmenar\/wp-json\/wp\/v2\/posts\/5991\/revisions"}],"predecessor-version":[{"id":5994,"href":"https:\/\/agora.xtec.cat\/iesalmenar\/wp-json\/wp\/v2\/posts\/5991\/revisions\/5994"}],"wp:featuredmedia":[{"embeddable":true,"href":"https:\/\/agora.xtec.cat\/iesalmenar\/wp-json\/wp\/v2\/media\/5992"}],"wp:attachment":[{"href":"https:\/\/agora.xtec.cat\/iesalmenar\/wp-json\/wp\/v2\/media?parent=5991"}],"wp:term":[{"taxonomy":"category","embeddable":true,"href":"https:\/\/agora.xtec.cat\/iesalmenar\/wp-json\/wp\/v2\/categories?post=5991"},{"taxonomy":"post_tag","embeddable":true,"href":"https:\/\/agora.xtec.cat\/iesalmenar\/wp-json\/wp\/v2\/tags?post=5991"}],"curies":[{"name":"wp","href":"https:\/\/api.w.org\/{rel}","templated":true}]}}