{"id":5988,"date":"2026-04-21T13:21:30","date_gmt":"2026-04-21T11:21:30","guid":{"rendered":"https:\/\/agora.xtec.cat\/iesalmenar\/?p=5988"},"modified":"2026-04-21T13:21:30","modified_gmt":"2026-04-21T11:21:30","slug":"herbaris-de-1r-deso-amb-plantes-de-lentorn","status":"publish","type":"post","link":"https:\/\/agora.xtec.cat\/iesalmenar\/noticies\/herbaris-de-1r-deso-amb-plantes-de-lentorn\/","title":{"rendered":"Herbaris de 1r d\u2019ESO amb plantes de l\u2019entorn"},"content":{"rendered":"<p data-start=\"666\" data-end=\"794\">L\u2019alumnat de 1r d\u2019ESO ha realitzat un projecte d\u2019elaboraci\u00f3 d\u2019herbaris a partir de plantes recollides durant la Setmana Santa.<\/p>\n<p data-start=\"796\" data-end=\"1035\">Durant les vacances, han fet el treball de camp, recollint diferents esp\u00e8cies vegetals, i posteriorment les han premsat i incorporat als seus quaderns. A l\u2019aula, s\u2019ha completat el proc\u00e9s amb la classificaci\u00f3 i presentaci\u00f3 de les mostres.<\/p>\n<p data-start=\"1037\" data-end=\"1201\">Aquesta activitat permet treballar l\u2019observaci\u00f3 directa, el coneixement de la flora local i l\u2019organitzaci\u00f3 de la informaci\u00f3 cient\u00edfica a partir de materials propis.<\/p>\n","protected":false},"excerpt":{"rendered":"<p>L\u2019alumnat de 1r d\u2019ESO ha realitzat un projecte d\u2019elaboraci\u00f3 d\u2019herbaris a partir de plantes recollides durant la Setmana Santa.<br \/>\nDurant les vacances, han fet el treball de camp, recollint diferents esp\u00e8cies vegetals, i posteriorment les han premsat i incorporat als seus quaderns. A l\u2019aula, s\u2019ha completat&hellip;  <a href=\"https:\/\/agora.xtec.cat\/iesalmenar\/noticies\/herbaris-de-1r-deso-amb-plantes-de-lentorn\/\" title=\"Read Herbaris de 1r d\u2019ESO amb plantes de l\u2019entorn\">Llegeix m\u00e9s\u00bb<\/a><\/p>\n","protected":false},"author":1,"featured_media":5989,"comment_status":"open","ping_status":"open","sticky":false,"template":"","format":"standard","meta":{"_bbp_topic_count":0,"_bbp_reply_count":0,"_bbp_total_topic_count":0,"_bbp_total_reply_count":0,"_bbp_voice_count":0,"_bbp_anonymous_reply_count":0,"_bbp_topic_count_hidden":0,"_bbp_reply_count_hidden":0,"_bbp_forum_subforum_count":0,"footnotes":""},"categories":[262],"tags":[],"class_list":["post-5988","post","type-post","status-publish","format-standard","has-post-thumbnail","hentry","category-noticies"],"post_mailing_queue_ids":[],"_links":{"self":[{"href":"https:\/\/agora.xtec.cat\/iesalmenar\/wp-json\/wp\/v2\/posts\/5988","targetHints":{"allow":["GET"]}}],"collection":[{"href":"https:\/\/agora.xtec.cat\/iesalmenar\/wp-json\/wp\/v2\/posts"}],"about":[{"href":"https:\/\/agora.xtec.cat\/iesalmenar\/wp-json\/wp\/v2\/types\/post"}],"author":[{"embeddable":true,"href":"https:\/\/agora.xtec.cat\/iesalmenar\/wp-json\/wp\/v2\/users\/1"}],"replies":[{"embeddable":true,"href":"https:\/\/agora.xtec.cat\/iesalmenar\/wp-json\/wp\/v2\/comments?post=5988"}],"version-history":[{"count":1,"href":"https:\/\/agora.xtec.cat\/iesalmenar\/wp-json\/wp\/v2\/posts\/5988\/revisions"}],"predecessor-version":[{"id":5990,"href":"https:\/\/agora.xtec.cat\/iesalmenar\/wp-json\/wp\/v2\/posts\/5988\/revisions\/5990"}],"wp:featuredmedia":[{"embeddable":true,"href":"https:\/\/agora.xtec.cat\/iesalmenar\/wp-json\/wp\/v2\/media\/5989"}],"wp:attachment":[{"href":"https:\/\/agora.xtec.cat\/iesalmenar\/wp-json\/wp\/v2\/media?parent=5988"}],"wp:term":[{"taxonomy":"category","embeddable":true,"href":"https:\/\/agora.xtec.cat\/iesalmenar\/wp-json\/wp\/v2\/categories?post=5988"},{"taxonomy":"post_tag","embeddable":true,"href":"https:\/\/agora.xtec.cat\/iesalmenar\/wp-json\/wp\/v2\/tags?post=5988"}],"curies":[{"name":"wp","href":"https:\/\/api.w.org\/{rel}","templated":true}]}}