{"id":5984,"date":"2026-04-20T12:22:36","date_gmt":"2026-04-20T10:22:36","guid":{"rendered":"https:\/\/agora.xtec.cat\/iesalmenar\/?p=5984"},"modified":"2026-04-20T12:22:36","modified_gmt":"2026-04-20T10:22:36","slug":"finalitza-lestada-dintercanvi-de-4t-deso-a-messina","status":"publish","type":"post","link":"https:\/\/agora.xtec.cat\/iesalmenar\/noticies\/finalitza-lestada-dintercanvi-de-4t-deso-a-messina\/","title":{"rendered":"Finalitza l\u2019estada d\u2019intercanvi de 4t d\u2019ESO a Messina"},"content":{"rendered":"<p data-start=\"1108\" data-end=\"1218\"><em data-start=\"1168\" data-end=\"1218\">Una experi\u00e8ncia educativa i personal enriquidora<\/em><\/p>\n<p data-start=\"1220\" data-end=\"1402\">L\u2019alumnat de 4t d\u2019ESO ja ha tornat aquest cap de setmana despr\u00e9s de la seva estada d\u2019intercanvi a l\u2019Institut de Messina, on han viscut uns dies intensos d\u2019aprenentatge i conviv\u00e8ncia.<\/p>\n<p data-start=\"1404\" data-end=\"1695\">Durant l\u2019estada, han compartit molt m\u00e9s que classes: experi\u00e8ncies, aprenentatges i moments inoblidables. Han participat en pr\u00e0ctiques de laboratori i han treballat conjuntament amb l\u2019alumnat itali\u00e0 a trav\u00e9s de la plataforma eTwinning, tot integrant-se tamb\u00e9 en la vida quotidiana del centre.<\/p>\n<p data-start=\"1697\" data-end=\"1840\">L\u2019experi\u00e8ncia es va cloure amb un sopar de comiat que va posar punt final a una estada molt positiva i enriquidora per a tots els participants.<\/p>\n<p data-start=\"1842\" data-end=\"1981\">En poques setmanes, ser\u00e0 el torn d\u2019acollir els alumnes italians, que visitaran el nostre centre per continuar aquest projecte d\u2019intercanvi.<\/p>\n<p data-start=\"1842\" data-end=\"1981\">Recordeu que podeu trobar totes les imatges del viatge a la nostra <a href=\"https:\/\/photos.app.goo.gl\/eewLvDxdvHJWqHfp8\" target=\"_blank\" rel=\"noopener\">GALERIA<\/a>.<\/p>\n","protected":false},"excerpt":{"rendered":"<p>Una experi\u00e8ncia educativa i personal enriquidora<br \/>\nL\u2019alumnat de 4t d\u2019ESO ja ha tornat aquest cap de setmana despr\u00e9s de la seva estada d\u2019intercanvi a l\u2019Institut de Messina, on han viscut uns dies intensos d\u2019aprenentatge i conviv\u00e8ncia.<br \/>\nDurant l\u2019estada, han compartit molt m\u00e9s que classes: experi\u00e8ncies, aprenentatges i&hellip;  <a href=\"https:\/\/agora.xtec.cat\/iesalmenar\/noticies\/finalitza-lestada-dintercanvi-de-4t-deso-a-messina\/\" title=\"Read Finalitza l\u2019estada d\u2019intercanvi de 4t d\u2019ESO a Messina\">Llegeix m\u00e9s\u00bb<\/a><\/p>\n","protected":false},"author":1,"featured_media":5985,"comment_status":"open","ping_status":"open","sticky":false,"template":"","format":"standard","meta":{"_bbp_topic_count":0,"_bbp_reply_count":0,"_bbp_total_topic_count":0,"_bbp_total_reply_count":0,"_bbp_voice_count":0,"_bbp_anonymous_reply_count":0,"_bbp_topic_count_hidden":0,"_bbp_reply_count_hidden":0,"_bbp_forum_subforum_count":0,"footnotes":""},"categories":[262],"tags":[],"class_list":["post-5984","post","type-post","status-publish","format-standard","has-post-thumbnail","hentry","category-noticies"],"post_mailing_queue_ids":[],"_links":{"self":[{"href":"https:\/\/agora.xtec.cat\/iesalmenar\/wp-json\/wp\/v2\/posts\/5984","targetHints":{"allow":["GET"]}}],"collection":[{"href":"https:\/\/agora.xtec.cat\/iesalmenar\/wp-json\/wp\/v2\/posts"}],"about":[{"href":"https:\/\/agora.xtec.cat\/iesalmenar\/wp-json\/wp\/v2\/types\/post"}],"author":[{"embeddable":true,"href":"https:\/\/agora.xtec.cat\/iesalmenar\/wp-json\/wp\/v2\/users\/1"}],"replies":[{"embeddable":true,"href":"https:\/\/agora.xtec.cat\/iesalmenar\/wp-json\/wp\/v2\/comments?post=5984"}],"version-history":[{"count":2,"href":"https:\/\/agora.xtec.cat\/iesalmenar\/wp-json\/wp\/v2\/posts\/5984\/revisions"}],"predecessor-version":[{"id":5987,"href":"https:\/\/agora.xtec.cat\/iesalmenar\/wp-json\/wp\/v2\/posts\/5984\/revisions\/5987"}],"wp:featuredmedia":[{"embeddable":true,"href":"https:\/\/agora.xtec.cat\/iesalmenar\/wp-json\/wp\/v2\/media\/5985"}],"wp:attachment":[{"href":"https:\/\/agora.xtec.cat\/iesalmenar\/wp-json\/wp\/v2\/media?parent=5984"}],"wp:term":[{"taxonomy":"category","embeddable":true,"href":"https:\/\/agora.xtec.cat\/iesalmenar\/wp-json\/wp\/v2\/categories?post=5984"},{"taxonomy":"post_tag","embeddable":true,"href":"https:\/\/agora.xtec.cat\/iesalmenar\/wp-json\/wp\/v2\/tags?post=5984"}],"curies":[{"name":"wp","href":"https:\/\/api.w.org\/{rel}","templated":true}]}}