{"id":5981,"date":"2026-04-20T12:13:31","date_gmt":"2026-04-20T10:13:31","guid":{"rendered":"https:\/\/agora.xtec.cat\/iesalmenar\/?p=5981"},"modified":"2026-04-20T12:13:31","modified_gmt":"2026-04-20T10:13:31","slug":"primer-de-batx-a-la-catalunya-nord","status":"publish","type":"post","link":"https:\/\/agora.xtec.cat\/iesalmenar\/noticies\/primer-de-batx-a-la-catalunya-nord\/","title":{"rendered":"Primer de Batx a la Catalunya Nord"},"content":{"rendered":"<p data-start=\"2021\" data-end=\"2138\"><em data-start=\"2062\" data-end=\"2138\">Una sortida per con\u00e8ixer la mem\u00f2ria hist\u00f2rica i el patrimoni del territori<\/em><\/p>\n<p data-start=\"2140\" data-end=\"2595\">L\u2019alumnat de primer de batxillerat ha realitzat una sortida a la Catalunya Nord centrada en la mem\u00f2ria hist\u00f2rica i cultural. El primer dia es segueix la ruta de l\u2019exili pel coll de Lli, per on passaren el president Companys i el lehendakari Aguirre. Posteriorment, es retorna pel coll de Manrella, pas de molts refugiats que fugien del nazisme. A la tarda, es visita la platja d\u2019Argelers, on foren internats nombrosos republicans en condicions molt dures.<\/p>\n<p data-start=\"2597\" data-end=\"3086\">El segon dia es visita el monestir de Sant Miquel de Cuix\u00e0, on l\u2019abat Oliba impuls\u00e0 les assemblees de Pau i Treva i promogu\u00e9 la construcci\u00f3 de Montserrat. A l\u2019esgl\u00e9sia, l\u2019alumnat s\u2019apropa a la figura de Pau Casals i al seu comprom\u00eds contra el feixisme. A la tarda, es recorren els espais vinculats a Pau Casals i Pompeu Fabra a Prada de Conflent, incloent la visita a la tomba de Fabra. La jornada es completa amb una activitat d\u2019iniciaci\u00f3 al rugbi, esport identitari de la Catalunya Nord.<\/p>\n<p data-start=\"3088\" data-end=\"3472\">El darrer dia comen\u00e7a amb la visita al memorial del camp de Rivesaltes, on es treballa la mem\u00f2ria dels exiliats i tamb\u00e9 l\u2019\u00fas posterior del camp amb poblaci\u00f3 algeriana. Tot seguit, el grup es despla\u00e7a a Cotlliure, on visita el castell i la tomba d\u2019Antonio Machado, en un moment de reflexi\u00f3 final amb la maleta de l\u2019exili. La sortida es clou amb una estona de descans a la vora del mar.<\/p>\n<p data-start=\"3088\" data-end=\"3472\">Podeu trobar totes les imatges a la nostra <a href=\"https:\/\/photos.app.goo.gl\/NGST79cqp1Rdcqp66\" target=\"_blank\" rel=\"noopener\">GALERIA<\/a>.<\/p>\n","protected":false},"excerpt":{"rendered":"<p>Una sortida per con\u00e8ixer la mem\u00f2ria hist\u00f2rica i el patrimoni del territori<br \/>\nL\u2019alumnat de primer de batxillerat ha realitzat una sortida a la Catalunya Nord centrada en la mem\u00f2ria hist\u00f2rica i cultural. El primer dia es segueix la ruta de l\u2019exili pel coll de Lli, per&hellip;  <a href=\"https:\/\/agora.xtec.cat\/iesalmenar\/noticies\/primer-de-batx-a-la-catalunya-nord\/\" title=\"Read Primer de Batx a la Catalunya Nord\">Llegeix m\u00e9s\u00bb<\/a><\/p>\n","protected":false},"author":1,"featured_media":5982,"comment_status":"open","ping_status":"open","sticky":false,"template":"","format":"standard","meta":{"_bbp_topic_count":0,"_bbp_reply_count":0,"_bbp_total_topic_count":0,"_bbp_total_reply_count":0,"_bbp_voice_count":0,"_bbp_anonymous_reply_count":0,"_bbp_topic_count_hidden":0,"_bbp_reply_count_hidden":0,"_bbp_forum_subforum_count":0,"footnotes":""},"categories":[262],"tags":[],"class_list":["post-5981","post","type-post","status-publish","format-standard","has-post-thumbnail","hentry","category-noticies"],"post_mailing_queue_ids":[],"_links":{"self":[{"href":"https:\/\/agora.xtec.cat\/iesalmenar\/wp-json\/wp\/v2\/posts\/5981","targetHints":{"allow":["GET"]}}],"collection":[{"href":"https:\/\/agora.xtec.cat\/iesalmenar\/wp-json\/wp\/v2\/posts"}],"about":[{"href":"https:\/\/agora.xtec.cat\/iesalmenar\/wp-json\/wp\/v2\/types\/post"}],"author":[{"embeddable":true,"href":"https:\/\/agora.xtec.cat\/iesalmenar\/wp-json\/wp\/v2\/users\/1"}],"replies":[{"embeddable":true,"href":"https:\/\/agora.xtec.cat\/iesalmenar\/wp-json\/wp\/v2\/comments?post=5981"}],"version-history":[{"count":1,"href":"https:\/\/agora.xtec.cat\/iesalmenar\/wp-json\/wp\/v2\/posts\/5981\/revisions"}],"predecessor-version":[{"id":5983,"href":"https:\/\/agora.xtec.cat\/iesalmenar\/wp-json\/wp\/v2\/posts\/5981\/revisions\/5983"}],"wp:featuredmedia":[{"embeddable":true,"href":"https:\/\/agora.xtec.cat\/iesalmenar\/wp-json\/wp\/v2\/media\/5982"}],"wp:attachment":[{"href":"https:\/\/agora.xtec.cat\/iesalmenar\/wp-json\/wp\/v2\/media?parent=5981"}],"wp:term":[{"taxonomy":"category","embeddable":true,"href":"https:\/\/agora.xtec.cat\/iesalmenar\/wp-json\/wp\/v2\/categories?post=5981"},{"taxonomy":"post_tag","embeddable":true,"href":"https:\/\/agora.xtec.cat\/iesalmenar\/wp-json\/wp\/v2\/tags?post=5981"}],"curies":[{"name":"wp","href":"https:\/\/api.w.org\/{rel}","templated":true}]}}