{"id":5978,"date":"2026-04-17T15:46:53","date_gmt":"2026-04-17T13:46:53","guid":{"rendered":"https:\/\/agora.xtec.cat\/iesalmenar\/?p=5978"},"modified":"2026-04-17T15:46:53","modified_gmt":"2026-04-17T13:46:53","slug":"ultims-dies-de-lestada-dels-estudiants-de-4t-deso-de-lintercanvi","status":"publish","type":"post","link":"https:\/\/agora.xtec.cat\/iesalmenar\/noticies\/ultims-dies-de-lestada-dels-estudiants-de-4t-deso-de-lintercanvi\/","title":{"rendered":"\u00daltims dies de l\u2019estada dels estudiants de 4t d\u2019ESO de l\u2019intercanvi"},"content":{"rendered":"<p data-start=\"1018\" data-end=\"1073\"><em data-start=\"1018\" data-end=\"1073\">Una experi\u00e8ncia educativa i personal molt enriquidora<\/em><\/p>\n<p data-start=\"1075\" data-end=\"1267\">Els estudiants de 4t d\u2019ESO participants en l\u2019intercanvi amb l\u2019Institut Messina finalitzen aquesta setmana la seva estada, que es tanca amb un sopar de comiat abans del retorn previst per dem\u00e0.<\/p>\n<p data-start=\"1269\" data-end=\"1450\">Durant aquests dies, l\u2019alumnat ha pogut integrar-se en la vida quotidiana del centre, compartint experi\u00e8ncies amb els seus companys i coneixent de prop una altra realitat educativa.<\/p>\n<p data-start=\"1452\" data-end=\"1704\">Entre les activitats realitzades, destaquen les pr\u00e0ctiques de laboratori, aix\u00ed com el treball col\u00b7laboratiu desenvolupat a trav\u00e9s de la plataforma eTwinning, que ha perm\u00e8s refor\u00e7ar els vincles entre els participants i fomentar l\u2019aprenentatge compartit.<\/p>\n<p data-start=\"1706\" data-end=\"1880\">La valoraci\u00f3 global de l\u2019experi\u00e8ncia \u00e9s molt positiva, tant des del punt de vista acad\u00e8mic com personal, i ha contribu\u00eft a enfortir els lla\u00e7os entre els centres participants.<\/p>\n","protected":false},"excerpt":{"rendered":"<p>Una experi\u00e8ncia educativa i personal molt enriquidora<br \/>\nEls estudiants de 4t d\u2019ESO participants en l\u2019intercanvi amb l\u2019Institut Messina finalitzen aquesta setmana la seva estada, que es tanca amb un sopar de comiat abans del retorn previst per dem\u00e0.<br \/>\nDurant aquests dies, l\u2019alumnat ha pogut integrar-se en la&hellip;  <a href=\"https:\/\/agora.xtec.cat\/iesalmenar\/noticies\/ultims-dies-de-lestada-dels-estudiants-de-4t-deso-de-lintercanvi\/\" title=\"Read \u00daltims dies de l\u2019estada dels estudiants de 4t d\u2019ESO de l\u2019intercanvi\">Llegeix m\u00e9s\u00bb<\/a><\/p>\n","protected":false},"author":1,"featured_media":5979,"comment_status":"open","ping_status":"open","sticky":false,"template":"","format":"standard","meta":{"_bbp_topic_count":0,"_bbp_reply_count":0,"_bbp_total_topic_count":0,"_bbp_total_reply_count":0,"_bbp_voice_count":0,"_bbp_anonymous_reply_count":0,"_bbp_topic_count_hidden":0,"_bbp_reply_count_hidden":0,"_bbp_forum_subforum_count":0,"footnotes":""},"categories":[262],"tags":[],"class_list":["post-5978","post","type-post","status-publish","format-standard","has-post-thumbnail","hentry","category-noticies"],"post_mailing_queue_ids":[],"_links":{"self":[{"href":"https:\/\/agora.xtec.cat\/iesalmenar\/wp-json\/wp\/v2\/posts\/5978","targetHints":{"allow":["GET"]}}],"collection":[{"href":"https:\/\/agora.xtec.cat\/iesalmenar\/wp-json\/wp\/v2\/posts"}],"about":[{"href":"https:\/\/agora.xtec.cat\/iesalmenar\/wp-json\/wp\/v2\/types\/post"}],"author":[{"embeddable":true,"href":"https:\/\/agora.xtec.cat\/iesalmenar\/wp-json\/wp\/v2\/users\/1"}],"replies":[{"embeddable":true,"href":"https:\/\/agora.xtec.cat\/iesalmenar\/wp-json\/wp\/v2\/comments?post=5978"}],"version-history":[{"count":1,"href":"https:\/\/agora.xtec.cat\/iesalmenar\/wp-json\/wp\/v2\/posts\/5978\/revisions"}],"predecessor-version":[{"id":5980,"href":"https:\/\/agora.xtec.cat\/iesalmenar\/wp-json\/wp\/v2\/posts\/5978\/revisions\/5980"}],"wp:featuredmedia":[{"embeddable":true,"href":"https:\/\/agora.xtec.cat\/iesalmenar\/wp-json\/wp\/v2\/media\/5979"}],"wp:attachment":[{"href":"https:\/\/agora.xtec.cat\/iesalmenar\/wp-json\/wp\/v2\/media?parent=5978"}],"wp:term":[{"taxonomy":"category","embeddable":true,"href":"https:\/\/agora.xtec.cat\/iesalmenar\/wp-json\/wp\/v2\/categories?post=5978"},{"taxonomy":"post_tag","embeddable":true,"href":"https:\/\/agora.xtec.cat\/iesalmenar\/wp-json\/wp\/v2\/tags?post=5978"}],"curies":[{"name":"wp","href":"https:\/\/api.w.org\/{rel}","templated":true}]}}