{"id":5975,"date":"2026-04-17T11:16:27","date_gmt":"2026-04-17T09:16:27","guid":{"rendered":"https:\/\/agora.xtec.cat\/iesalmenar\/?p=5975"},"modified":"2026-04-17T11:16:27","modified_gmt":"2026-04-17T09:16:27","slug":"lalumnat-de-1r-de-btx-recorre-els-camins-de-lexili-a-la-catalunya-nord","status":"publish","type":"post","link":"https:\/\/agora.xtec.cat\/iesalmenar\/noticies\/lalumnat-de-1r-de-btx-recorre-els-camins-de-lexili-a-la-catalunya-nord\/","title":{"rendered":"L\u2019alumnat de 1r de BTX recorre els camins de l\u2019exili a la Catalunya Nord"},"content":{"rendered":"<p data-start=\"1173\" data-end=\"1271\"><em data-start=\"1173\" data-end=\"1271\">Una jornada per con\u00e8ixer, comprendre i reflexionar sobre la mem\u00f2ria hist\u00f2rica des del CdA Canig\u00f3<\/em><\/p>\n<p data-start=\"1273\" data-end=\"1534\">L\u2019alumnat de 1r de Batxillerat del centre ha iniciat una sortida pedag\u00f2gica a la Catalunya Nord, amb estada al CdA Canig\u00f3, amb l\u2019objectiu d\u2019aprofundir en els fets hist\u00f2rics relacionats amb l\u2019exili republic\u00e0 de 1939 i la fugida de milers de persones del nazisme.<\/p>\n<p data-start=\"1536\" data-end=\"1871\">Durant el primer dia, s\u2019ha seguit la ruta de l\u2019exili pel coll de Lli, un pas emblem\u00e0tic pels Pirineus per on van travessar figures destacades com el president Llu\u00eds Companys i el lehendakari Jos\u00e9 Antonio Aguirre. Aquesta experi\u00e8ncia ha perm\u00e8s contextualitzar els fets hist\u00f2rics i aproximar-se a les viv\u00e8ncies de les persones exiliades.<\/p>\n<p data-start=\"1873\" data-end=\"2035\">Posteriorment, el grup ha retornat al sud pel coll de Manrella, un altre indret significatiu en les rutes de fugida, especialment durant la Segona Guerra Mundial.<\/p>\n<p data-start=\"2037\" data-end=\"2340\">A la tarda, la visita a la platja d\u2019Argelers ha estat un dels moments m\u00e9s impactants de la jornada. Aquest espai, que va acollir milers de refugiats republicans en condicions molt dures, ha servit per reflexionar sobre les conseq\u00fc\u00e8ncies dels conflictes b\u00e8l\u00b7lics i la import\u00e0ncia de la mem\u00f2ria hist\u00f2rica.<\/p>\n<p data-start=\"2342\" data-end=\"2604\">Aquesta activitat, desenvolupada des del CdA Canig\u00f3, s\u2019emmarca en els objectius educatius de fomentar l\u2019empatia amb els fets del passat, con\u00e8ixer els camins de l\u2019exili i donar valor als espais de mem\u00f2ria, establint vincles entre la hist\u00f2ria i la realitat actual.<\/p>\n","protected":false},"excerpt":{"rendered":"<p>Una jornada per con\u00e8ixer, comprendre i reflexionar sobre la mem\u00f2ria hist\u00f2rica des del CdA Canig\u00f3<br \/>\nL\u2019alumnat de 1r de Batxillerat del centre ha iniciat una sortida pedag\u00f2gica a la Catalunya Nord, amb estada al CdA Canig\u00f3, amb l\u2019objectiu d\u2019aprofundir en els fets hist\u00f2rics relacionats amb l\u2019exili&hellip;  <a href=\"https:\/\/agora.xtec.cat\/iesalmenar\/noticies\/lalumnat-de-1r-de-btx-recorre-els-camins-de-lexili-a-la-catalunya-nord\/\" title=\"Read L\u2019alumnat de 1r de BTX recorre els camins de l\u2019exili a la Catalunya Nord\">Llegeix m\u00e9s\u00bb<\/a><\/p>\n","protected":false},"author":1,"featured_media":5976,"comment_status":"open","ping_status":"open","sticky":false,"template":"","format":"standard","meta":{"_bbp_topic_count":0,"_bbp_reply_count":0,"_bbp_total_topic_count":0,"_bbp_total_reply_count":0,"_bbp_voice_count":0,"_bbp_anonymous_reply_count":0,"_bbp_topic_count_hidden":0,"_bbp_reply_count_hidden":0,"_bbp_forum_subforum_count":0,"footnotes":""},"categories":[262],"tags":[],"class_list":["post-5975","post","type-post","status-publish","format-standard","has-post-thumbnail","hentry","category-noticies"],"post_mailing_queue_ids":[],"_links":{"self":[{"href":"https:\/\/agora.xtec.cat\/iesalmenar\/wp-json\/wp\/v2\/posts\/5975","targetHints":{"allow":["GET"]}}],"collection":[{"href":"https:\/\/agora.xtec.cat\/iesalmenar\/wp-json\/wp\/v2\/posts"}],"about":[{"href":"https:\/\/agora.xtec.cat\/iesalmenar\/wp-json\/wp\/v2\/types\/post"}],"author":[{"embeddable":true,"href":"https:\/\/agora.xtec.cat\/iesalmenar\/wp-json\/wp\/v2\/users\/1"}],"replies":[{"embeddable":true,"href":"https:\/\/agora.xtec.cat\/iesalmenar\/wp-json\/wp\/v2\/comments?post=5975"}],"version-history":[{"count":1,"href":"https:\/\/agora.xtec.cat\/iesalmenar\/wp-json\/wp\/v2\/posts\/5975\/revisions"}],"predecessor-version":[{"id":5977,"href":"https:\/\/agora.xtec.cat\/iesalmenar\/wp-json\/wp\/v2\/posts\/5975\/revisions\/5977"}],"wp:featuredmedia":[{"embeddable":true,"href":"https:\/\/agora.xtec.cat\/iesalmenar\/wp-json\/wp\/v2\/media\/5976"}],"wp:attachment":[{"href":"https:\/\/agora.xtec.cat\/iesalmenar\/wp-json\/wp\/v2\/media?parent=5975"}],"wp:term":[{"taxonomy":"category","embeddable":true,"href":"https:\/\/agora.xtec.cat\/iesalmenar\/wp-json\/wp\/v2\/categories?post=5975"},{"taxonomy":"post_tag","embeddable":true,"href":"https:\/\/agora.xtec.cat\/iesalmenar\/wp-json\/wp\/v2\/tags?post=5975"}],"curies":[{"name":"wp","href":"https:\/\/api.w.org\/{rel}","templated":true}]}}