{"id":5972,"date":"2026-04-16T13:38:05","date_gmt":"2026-04-16T11:38:05","guid":{"rendered":"https:\/\/agora.xtec.cat\/iesalmenar\/?p=5972"},"modified":"2026-04-16T13:38:05","modified_gmt":"2026-04-16T11:38:05","slug":"lalumnat-participa-en-un-escape-room-historic-sobre-la-resistencia","status":"publish","type":"post","link":"https:\/\/agora.xtec.cat\/iesalmenar\/noticies\/lalumnat-participa-en-un-escape-room-historic-sobre-la-resistencia\/","title":{"rendered":"L\u2019alumnat participa en un Escape Room hist\u00f2ric sobre la Resist\u00e8ncia"},"content":{"rendered":"<p data-start=\"939\" data-end=\"1090\">L\u2019alumnat de l\u2019institut ha participat recentment en una activitat educativa innovadora basada en un Escape Room ambientat l\u2019any 1942, al sud de Fran\u00e7a.<\/p>\n<p data-start=\"1092\" data-end=\"1381\">A trav\u00e9s d\u2019aquesta proposta, els estudiants s\u2019han posat a la pell d\u2019un grup d\u2019exiliats de la Guerra Civil espanyola que decideixen unir-se a la Resist\u00e8ncia per combatre l\u2019ocupaci\u00f3 nazi. L\u2019activitat ha perm\u00e8s treballar continguts de mem\u00f2ria hist\u00f2rica d\u2019una manera vivencial i participativa.<\/p>\n<p data-start=\"1383\" data-end=\"1572\">Aquest tipus de din\u00e0miques fomenten el treball en equip, el pensament cr\u00edtic i la implicaci\u00f3 activa de l\u2019alumnat, tot apropant-los als fets hist\u00f2rics des d\u2019una perspectiva m\u00e9s experiencial.<\/p>\n<p data-start=\"1574\" data-end=\"1705\">Amb iniciatives com aquesta, el centre aposta per metodologies actives que connecten l\u2019aprenentatge amb les emocions i la reflexi\u00f3.<\/p>\n","protected":false},"excerpt":{"rendered":"<p>L\u2019alumnat de l\u2019institut ha participat recentment en una activitat educativa innovadora basada en un Escape Room ambientat l\u2019any 1942, al sud de Fran\u00e7a.<br \/>\nA trav\u00e9s d\u2019aquesta proposta, els estudiants s\u2019han posat a la pell d\u2019un grup d\u2019exiliats de la Guerra Civil espanyola que decideixen unir-se a&hellip;  <a href=\"https:\/\/agora.xtec.cat\/iesalmenar\/noticies\/lalumnat-participa-en-un-escape-room-historic-sobre-la-resistencia\/\" title=\"Read L\u2019alumnat participa en un Escape Room hist\u00f2ric sobre la Resist\u00e8ncia\">Llegeix m\u00e9s\u00bb<\/a><\/p>\n","protected":false},"author":1,"featured_media":5973,"comment_status":"open","ping_status":"open","sticky":false,"template":"","format":"standard","meta":{"_bbp_topic_count":0,"_bbp_reply_count":0,"_bbp_total_topic_count":0,"_bbp_total_reply_count":0,"_bbp_voice_count":0,"_bbp_anonymous_reply_count":0,"_bbp_topic_count_hidden":0,"_bbp_reply_count_hidden":0,"_bbp_forum_subforum_count":0,"footnotes":""},"categories":[262],"tags":[],"class_list":["post-5972","post","type-post","status-publish","format-standard","has-post-thumbnail","hentry","category-noticies"],"post_mailing_queue_ids":[],"_links":{"self":[{"href":"https:\/\/agora.xtec.cat\/iesalmenar\/wp-json\/wp\/v2\/posts\/5972","targetHints":{"allow":["GET"]}}],"collection":[{"href":"https:\/\/agora.xtec.cat\/iesalmenar\/wp-json\/wp\/v2\/posts"}],"about":[{"href":"https:\/\/agora.xtec.cat\/iesalmenar\/wp-json\/wp\/v2\/types\/post"}],"author":[{"embeddable":true,"href":"https:\/\/agora.xtec.cat\/iesalmenar\/wp-json\/wp\/v2\/users\/1"}],"replies":[{"embeddable":true,"href":"https:\/\/agora.xtec.cat\/iesalmenar\/wp-json\/wp\/v2\/comments?post=5972"}],"version-history":[{"count":1,"href":"https:\/\/agora.xtec.cat\/iesalmenar\/wp-json\/wp\/v2\/posts\/5972\/revisions"}],"predecessor-version":[{"id":5974,"href":"https:\/\/agora.xtec.cat\/iesalmenar\/wp-json\/wp\/v2\/posts\/5972\/revisions\/5974"}],"wp:featuredmedia":[{"embeddable":true,"href":"https:\/\/agora.xtec.cat\/iesalmenar\/wp-json\/wp\/v2\/media\/5973"}],"wp:attachment":[{"href":"https:\/\/agora.xtec.cat\/iesalmenar\/wp-json\/wp\/v2\/media?parent=5972"}],"wp:term":[{"taxonomy":"category","embeddable":true,"href":"https:\/\/agora.xtec.cat\/iesalmenar\/wp-json\/wp\/v2\/categories?post=5972"},{"taxonomy":"post_tag","embeddable":true,"href":"https:\/\/agora.xtec.cat\/iesalmenar\/wp-json\/wp\/v2\/tags?post=5972"}],"curies":[{"name":"wp","href":"https:\/\/api.w.org\/{rel}","templated":true}]}}