{"id":5969,"date":"2026-04-15T10:37:44","date_gmt":"2026-04-15T08:37:44","guid":{"rendered":"https:\/\/agora.xtec.cat\/iesalmenar\/?p=5969"},"modified":"2026-04-15T10:37:44","modified_gmt":"2026-04-15T08:37:44","slug":"arribada-a-messina-de-lalumnat-de-4t-deso-en-el-marc-de-lintercanvi","status":"publish","type":"post","link":"https:\/\/agora.xtec.cat\/iesalmenar\/noticies\/arribada-a-messina-de-lalumnat-de-4t-deso-en-el-marc-de-lintercanvi\/","title":{"rendered":"Arribada a Messina de l\u2019alumnat de 4t d\u2019ESO en el marc de l\u2019intercanvi"},"content":{"rendered":"<p data-start=\"866\" data-end=\"1024\">L\u2019alumnat de 4t d\u2019ESO que participa en l\u2019intercanvi amb un centre educatiu d\u2019It\u00e0lia ja ha arribat a Messina i ha iniciat les primeres activitats del programa.<\/p>\n<p data-start=\"1026\" data-end=\"1235\">Durant aquests primers dies, els i les alumnes han comen\u00e7at a con\u00e8ixer els seus companys italians, han tingut el primer contacte amb les fam\u00edlies d\u2019acollida i han pogut fer una primera descoberta de la ciutat.<\/p>\n<p data-start=\"1237\" data-end=\"1365\">L\u2019estada tot just comen\u00e7a i es preveu que en els propers dies continu\u00efn les activitats conjuntes i les experi\u00e8ncies compartides.<\/p>\n<p>Podeu trobar totes les imatges del viatge a la nostra <a href=\"https:\/\/photos.app.goo.gl\/eewLvDxdvHJWqHfp8\" target=\"_blank\" rel=\"noopener\">GALERIA<\/a>.<\/p>\n","protected":false},"excerpt":{"rendered":"<p>L\u2019alumnat de 4t d\u2019ESO que participa en l\u2019intercanvi amb un centre educatiu d\u2019It\u00e0lia ja ha arribat a Messina i ha iniciat les primeres activitats del programa.<br \/>\nDurant aquests primers dies, els i les alumnes han comen\u00e7at a con\u00e8ixer els seus companys italians, han tingut el primer&hellip;  <a href=\"https:\/\/agora.xtec.cat\/iesalmenar\/noticies\/arribada-a-messina-de-lalumnat-de-4t-deso-en-el-marc-de-lintercanvi\/\" title=\"Read Arribada a Messina de l\u2019alumnat de 4t d\u2019ESO en el marc de l\u2019intercanvi\">Llegeix m\u00e9s\u00bb<\/a><\/p>\n","protected":false},"author":1,"featured_media":5970,"comment_status":"open","ping_status":"open","sticky":false,"template":"","format":"standard","meta":{"_bbp_topic_count":0,"_bbp_reply_count":0,"_bbp_total_topic_count":0,"_bbp_total_reply_count":0,"_bbp_voice_count":0,"_bbp_anonymous_reply_count":0,"_bbp_topic_count_hidden":0,"_bbp_reply_count_hidden":0,"_bbp_forum_subforum_count":0,"footnotes":""},"categories":[262],"tags":[],"class_list":["post-5969","post","type-post","status-publish","format-standard","has-post-thumbnail","hentry","category-noticies"],"post_mailing_queue_ids":[],"_links":{"self":[{"href":"https:\/\/agora.xtec.cat\/iesalmenar\/wp-json\/wp\/v2\/posts\/5969","targetHints":{"allow":["GET"]}}],"collection":[{"href":"https:\/\/agora.xtec.cat\/iesalmenar\/wp-json\/wp\/v2\/posts"}],"about":[{"href":"https:\/\/agora.xtec.cat\/iesalmenar\/wp-json\/wp\/v2\/types\/post"}],"author":[{"embeddable":true,"href":"https:\/\/agora.xtec.cat\/iesalmenar\/wp-json\/wp\/v2\/users\/1"}],"replies":[{"embeddable":true,"href":"https:\/\/agora.xtec.cat\/iesalmenar\/wp-json\/wp\/v2\/comments?post=5969"}],"version-history":[{"count":1,"href":"https:\/\/agora.xtec.cat\/iesalmenar\/wp-json\/wp\/v2\/posts\/5969\/revisions"}],"predecessor-version":[{"id":5971,"href":"https:\/\/agora.xtec.cat\/iesalmenar\/wp-json\/wp\/v2\/posts\/5969\/revisions\/5971"}],"wp:featuredmedia":[{"embeddable":true,"href":"https:\/\/agora.xtec.cat\/iesalmenar\/wp-json\/wp\/v2\/media\/5970"}],"wp:attachment":[{"href":"https:\/\/agora.xtec.cat\/iesalmenar\/wp-json\/wp\/v2\/media?parent=5969"}],"wp:term":[{"taxonomy":"category","embeddable":true,"href":"https:\/\/agora.xtec.cat\/iesalmenar\/wp-json\/wp\/v2\/categories?post=5969"},{"taxonomy":"post_tag","embeddable":true,"href":"https:\/\/agora.xtec.cat\/iesalmenar\/wp-json\/wp\/v2\/tags?post=5969"}],"curies":[{"name":"wp","href":"https:\/\/api.w.org\/{rel}","templated":true}]}}