{"id":5965,"date":"2026-04-14T13:00:49","date_gmt":"2026-04-14T11:00:49","guid":{"rendered":"https:\/\/agora.xtec.cat\/iesalmenar\/?p=5965"},"modified":"2026-04-13T13:02:10","modified_gmt":"2026-04-13T11:02:10","slug":"lins-almenar-impulsa-la-creativitat-de-lalumnat-amb-els-concursos-de-sant-jordi-2026","status":"publish","type":"post","link":"https:\/\/agora.xtec.cat\/iesalmenar\/noticies\/lins-almenar-impulsa-la-creativitat-de-lalumnat-amb-els-concursos-de-sant-jordi-2026\/","title":{"rendered":"L\u2019INS Almenar impulsa la creativitat de l\u2019alumnat amb els concursos de Sant Jordi 2026"},"content":{"rendered":"<p data-start=\"1143\" data-end=\"1376\">Amb motiu de la celebraci\u00f3 de Sant Jordi 2026, l\u2019INS Almenar ha organitzat diversos concursos adre\u00e7ats a l\u2019alumnat de totes les etapes educatives amb l\u2019objectiu de fomentar la creativitat, l\u2019expressi\u00f3 art\u00edstica i el pensament cr\u00edtic.<\/p>\n<p data-start=\"1378\" data-end=\"1667\">Entre les propostes destaca el concurs de fotografia matem\u00e0tica, que convida l\u2019alumnat a identificar i capturar elements matem\u00e0tics presents en l\u2019entorn quotidi\u00e0. Tamb\u00e9 s\u2019ha convocat un concurs literari, amb diferents categories segons el nivell, que premiar\u00e0 els millors relats originals.<\/p>\n<p data-start=\"1669\" data-end=\"1925\">A m\u00e9s, s\u2019hi suma el \u201cCreative Photo Contest\u201d, en el qual els participants hauran d\u2019acompanyar una imatge amb una frase en angl\u00e8s o franc\u00e8s, i el concurs de narracions de viatges, que incentiva l\u2019expressi\u00f3 escrita a partir d\u2019experi\u00e8ncies reals o imaginades.<\/p>\n<p data-start=\"1927\" data-end=\"2096\">Els treballs es podran presentar fins a mitjans d\u2019abril, segons les bases de cada concurs, i els guanyadors rebran els seus premis coincidint amb la diada de Sant Jordi.<\/p>\n<p data-start=\"2098\" data-end=\"2262\">Aquesta iniciativa refor\u00e7a el comprom\u00eds del centre amb una educaci\u00f3 integral que promou tant les compet\u00e8ncies acad\u00e8miques com les habilitats creatives de l\u2019alumnat.<\/p>\n","protected":false},"excerpt":{"rendered":"<p>Amb motiu de la celebraci\u00f3 de Sant Jordi 2026, l\u2019INS Almenar ha organitzat diversos concursos adre\u00e7ats a l\u2019alumnat de totes les etapes educatives amb l\u2019objectiu de fomentar la creativitat, l\u2019expressi\u00f3 art\u00edstica i el pensament cr\u00edtic.<br \/>\nEntre les propostes destaca el concurs de fotografia matem\u00e0tica, que convida&hellip;  <a href=\"https:\/\/agora.xtec.cat\/iesalmenar\/noticies\/lins-almenar-impulsa-la-creativitat-de-lalumnat-amb-els-concursos-de-sant-jordi-2026\/\" title=\"Read L\u2019INS Almenar impulsa la creativitat de l\u2019alumnat amb els concursos de Sant Jordi 2026\">Llegeix m\u00e9s\u00bb<\/a><\/p>\n","protected":false},"author":1,"featured_media":5966,"comment_status":"open","ping_status":"open","sticky":false,"template":"","format":"standard","meta":{"_bbp_topic_count":0,"_bbp_reply_count":0,"_bbp_total_topic_count":0,"_bbp_total_reply_count":0,"_bbp_voice_count":0,"_bbp_anonymous_reply_count":0,"_bbp_topic_count_hidden":0,"_bbp_reply_count_hidden":0,"_bbp_forum_subforum_count":0,"footnotes":""},"categories":[262],"tags":[],"class_list":["post-5965","post","type-post","status-publish","format-standard","has-post-thumbnail","hentry","category-noticies"],"post_mailing_queue_ids":[],"_links":{"self":[{"href":"https:\/\/agora.xtec.cat\/iesalmenar\/wp-json\/wp\/v2\/posts\/5965","targetHints":{"allow":["GET"]}}],"collection":[{"href":"https:\/\/agora.xtec.cat\/iesalmenar\/wp-json\/wp\/v2\/posts"}],"about":[{"href":"https:\/\/agora.xtec.cat\/iesalmenar\/wp-json\/wp\/v2\/types\/post"}],"author":[{"embeddable":true,"href":"https:\/\/agora.xtec.cat\/iesalmenar\/wp-json\/wp\/v2\/users\/1"}],"replies":[{"embeddable":true,"href":"https:\/\/agora.xtec.cat\/iesalmenar\/wp-json\/wp\/v2\/comments?post=5965"}],"version-history":[{"count":1,"href":"https:\/\/agora.xtec.cat\/iesalmenar\/wp-json\/wp\/v2\/posts\/5965\/revisions"}],"predecessor-version":[{"id":5968,"href":"https:\/\/agora.xtec.cat\/iesalmenar\/wp-json\/wp\/v2\/posts\/5965\/revisions\/5968"}],"wp:featuredmedia":[{"embeddable":true,"href":"https:\/\/agora.xtec.cat\/iesalmenar\/wp-json\/wp\/v2\/media\/5966"}],"wp:attachment":[{"href":"https:\/\/agora.xtec.cat\/iesalmenar\/wp-json\/wp\/v2\/media?parent=5965"}],"wp:term":[{"taxonomy":"category","embeddable":true,"href":"https:\/\/agora.xtec.cat\/iesalmenar\/wp-json\/wp\/v2\/categories?post=5965"},{"taxonomy":"post_tag","embeddable":true,"href":"https:\/\/agora.xtec.cat\/iesalmenar\/wp-json\/wp\/v2\/tags?post=5965"}],"curies":[{"name":"wp","href":"https:\/\/api.w.org\/{rel}","templated":true}]}}