{"id":5962,"date":"2026-04-13T12:42:41","date_gmt":"2026-04-13T10:42:41","guid":{"rendered":"https:\/\/agora.xtec.cat\/iesalmenar\/?p=5962"},"modified":"2026-04-13T12:42:41","modified_gmt":"2026-04-13T10:42:41","slug":"lalumnat-de-2n-de-batxillerat-visita-la-central-nuclear-de-vandellos-i","status":"publish","type":"post","link":"https:\/\/agora.xtec.cat\/iesalmenar\/noticies\/lalumnat-de-2n-de-batxillerat-visita-la-central-nuclear-de-vandellos-i\/","title":{"rendered":"L\u2019alumnat de 2n de batxillerat visita la central nuclear de Vandell\u00f3s I"},"content":{"rendered":"<p data-start=\"1094\" data-end=\"1351\">El passat dimecres 8 d\u2019abril, l\u2019alumnat de 2n de batxillerat del centre va realitzar una sortida educativa a les instal\u00b7lacions de l\u2019antiga Central Nuclear de Vandell\u00f3s I, actualment en per\u00edode de lat\u00e8ncia dins del seu programa de desmantellament definitiu.<\/p>\n<p data-start=\"1353\" data-end=\"1606\">Durant la visita, els i les alumnes van tenir l\u2019oportunitat de con\u00e8ixer diversos aspectes relacionats amb el funcionament de la central durant la seva etapa operativa, aix\u00ed com el complex proc\u00e9s de desmantellament que s\u2019hi est\u00e0 duent a terme actualment.<\/p>\n<p data-start=\"1608\" data-end=\"1800\">A m\u00e9s, es van abordar q\u00fcestions clau sobre la gesti\u00f3 dels residus radioactius, una tasca que gestiona l\u2019empresa p\u00fablica ENRESA, responsable del tractament i emmagatzematge d\u2019aquests materials.<\/p>\n<p data-start=\"1802\" data-end=\"1972\">Aquesta activitat ha perm\u00e8s a l\u2019alumnat aprofundir en continguts treballats a l\u2019aula i prendre consci\u00e8ncia sobre els reptes energ\u00e8tics i mediambientals del nostre entorn.<\/p>\n","protected":false},"excerpt":{"rendered":"<p>El passat dimecres 8 d\u2019abril, l\u2019alumnat de 2n de batxillerat del centre va realitzar una sortida educativa a les instal\u00b7lacions de l\u2019antiga Central Nuclear de Vandell\u00f3s I, actualment en per\u00edode de lat\u00e8ncia dins del seu programa de desmantellament definitiu.<br \/>\nDurant la visita, els i les alumnes&hellip;  <a href=\"https:\/\/agora.xtec.cat\/iesalmenar\/noticies\/lalumnat-de-2n-de-batxillerat-visita-la-central-nuclear-de-vandellos-i\/\" title=\"Read L\u2019alumnat de 2n de batxillerat visita la central nuclear de Vandell\u00f3s I\">Llegeix m\u00e9s\u00bb<\/a><\/p>\n","protected":false},"author":1,"featured_media":5963,"comment_status":"open","ping_status":"open","sticky":false,"template":"","format":"standard","meta":{"_bbp_topic_count":0,"_bbp_reply_count":0,"_bbp_total_topic_count":0,"_bbp_total_reply_count":0,"_bbp_voice_count":0,"_bbp_anonymous_reply_count":0,"_bbp_topic_count_hidden":0,"_bbp_reply_count_hidden":0,"_bbp_forum_subforum_count":0,"footnotes":""},"categories":[262],"tags":[],"class_list":["post-5962","post","type-post","status-publish","format-standard","has-post-thumbnail","hentry","category-noticies"],"post_mailing_queue_ids":[],"_links":{"self":[{"href":"https:\/\/agora.xtec.cat\/iesalmenar\/wp-json\/wp\/v2\/posts\/5962","targetHints":{"allow":["GET"]}}],"collection":[{"href":"https:\/\/agora.xtec.cat\/iesalmenar\/wp-json\/wp\/v2\/posts"}],"about":[{"href":"https:\/\/agora.xtec.cat\/iesalmenar\/wp-json\/wp\/v2\/types\/post"}],"author":[{"embeddable":true,"href":"https:\/\/agora.xtec.cat\/iesalmenar\/wp-json\/wp\/v2\/users\/1"}],"replies":[{"embeddable":true,"href":"https:\/\/agora.xtec.cat\/iesalmenar\/wp-json\/wp\/v2\/comments?post=5962"}],"version-history":[{"count":1,"href":"https:\/\/agora.xtec.cat\/iesalmenar\/wp-json\/wp\/v2\/posts\/5962\/revisions"}],"predecessor-version":[{"id":5964,"href":"https:\/\/agora.xtec.cat\/iesalmenar\/wp-json\/wp\/v2\/posts\/5962\/revisions\/5964"}],"wp:featuredmedia":[{"embeddable":true,"href":"https:\/\/agora.xtec.cat\/iesalmenar\/wp-json\/wp\/v2\/media\/5963"}],"wp:attachment":[{"href":"https:\/\/agora.xtec.cat\/iesalmenar\/wp-json\/wp\/v2\/media?parent=5962"}],"wp:term":[{"taxonomy":"category","embeddable":true,"href":"https:\/\/agora.xtec.cat\/iesalmenar\/wp-json\/wp\/v2\/categories?post=5962"},{"taxonomy":"post_tag","embeddable":true,"href":"https:\/\/agora.xtec.cat\/iesalmenar\/wp-json\/wp\/v2\/tags?post=5962"}],"curies":[{"name":"wp","href":"https:\/\/api.w.org\/{rel}","templated":true}]}}