{"id":5887,"date":"2026-03-03T12:17:31","date_gmt":"2026-03-03T11:17:31","guid":{"rendered":"https:\/\/agora.xtec.cat\/iesalmenar\/?p=5887"},"modified":"2026-03-02T12:18:17","modified_gmt":"2026-03-02T11:18:17","slug":"participem-un-any-mes-al-formaocupa-de-lleida","status":"publish","type":"post","link":"https:\/\/agora.xtec.cat\/iesalmenar\/noticies\/participem-un-any-mes-al-formaocupa-de-lleida\/","title":{"rendered":"Participem un any m\u00e9s al Formaocupa de Lleida"},"content":{"rendered":"<p data-start=\"891\" data-end=\"1066\">L\u2019alumnat del Cicle Formatiu de Grau Mitj\u00e0 del nostre centre ha assistit, un any m\u00e9s, al Formaocupa de Lleida, un espai de refer\u00e8ncia en orientaci\u00f3 acad\u00e8mica i professional.<\/p>\n<p data-start=\"1068\" data-end=\"1437\">Durant la visita, els i les estudiants han pogut rec\u00f3rrer diferents estands vinculats als seus interessos personals amb l\u2019objectiu d\u2019informar-se sobre les opcions formatives que poden seguir despr\u00e9s de finalitzar la seva etapa amb nosaltres. Aquesta experi\u00e8ncia els permet ampliar horitzons i prendre decisions fonamentades sobre el seu futur acad\u00e8mic i professional.<\/p>\n<p data-start=\"1439\" data-end=\"1697\">A m\u00e9s, el nostre institut ha format part de l\u2019estand de la fam\u00edlia professional d\u2019administraci\u00f3, on hem compartit espai amb altres centres educatius i docents del territori lleidat\u00e0, refor\u00e7ant aix\u00ed la xarxa de col\u00b7laboraci\u00f3 i intercanvi entre institucions.<\/p>\n","protected":false},"excerpt":{"rendered":"<p>L\u2019alumnat del Cicle Formatiu de Grau Mitj\u00e0 del nostre centre ha assistit, un any m\u00e9s, al Formaocupa de Lleida, un espai de refer\u00e8ncia en orientaci\u00f3 acad\u00e8mica i professional.<br \/>\nDurant la visita, els i les estudiants han pogut rec\u00f3rrer diferents estands vinculats als seus interessos personals amb&hellip;  <a href=\"https:\/\/agora.xtec.cat\/iesalmenar\/noticies\/participem-un-any-mes-al-formaocupa-de-lleida\/\" title=\"Read Participem un any m\u00e9s al Formaocupa de Lleida\">Llegeix m\u00e9s\u00bb<\/a><\/p>\n","protected":false},"author":1,"featured_media":5888,"comment_status":"open","ping_status":"open","sticky":false,"template":"","format":"standard","meta":{"_bbp_topic_count":0,"_bbp_reply_count":0,"_bbp_total_topic_count":0,"_bbp_total_reply_count":0,"_bbp_voice_count":0,"_bbp_anonymous_reply_count":0,"_bbp_topic_count_hidden":0,"_bbp_reply_count_hidden":0,"_bbp_forum_subforum_count":0,"footnotes":""},"categories":[262],"tags":[],"class_list":["post-5887","post","type-post","status-publish","format-standard","has-post-thumbnail","hentry","category-noticies"],"post_mailing_queue_ids":[],"_links":{"self":[{"href":"https:\/\/agora.xtec.cat\/iesalmenar\/wp-json\/wp\/v2\/posts\/5887","targetHints":{"allow":["GET"]}}],"collection":[{"href":"https:\/\/agora.xtec.cat\/iesalmenar\/wp-json\/wp\/v2\/posts"}],"about":[{"href":"https:\/\/agora.xtec.cat\/iesalmenar\/wp-json\/wp\/v2\/types\/post"}],"author":[{"embeddable":true,"href":"https:\/\/agora.xtec.cat\/iesalmenar\/wp-json\/wp\/v2\/users\/1"}],"replies":[{"embeddable":true,"href":"https:\/\/agora.xtec.cat\/iesalmenar\/wp-json\/wp\/v2\/comments?post=5887"}],"version-history":[{"count":1,"href":"https:\/\/agora.xtec.cat\/iesalmenar\/wp-json\/wp\/v2\/posts\/5887\/revisions"}],"predecessor-version":[{"id":5889,"href":"https:\/\/agora.xtec.cat\/iesalmenar\/wp-json\/wp\/v2\/posts\/5887\/revisions\/5889"}],"wp:featuredmedia":[{"embeddable":true,"href":"https:\/\/agora.xtec.cat\/iesalmenar\/wp-json\/wp\/v2\/media\/5888"}],"wp:attachment":[{"href":"https:\/\/agora.xtec.cat\/iesalmenar\/wp-json\/wp\/v2\/media?parent=5887"}],"wp:term":[{"taxonomy":"category","embeddable":true,"href":"https:\/\/agora.xtec.cat\/iesalmenar\/wp-json\/wp\/v2\/categories?post=5887"},{"taxonomy":"post_tag","embeddable":true,"href":"https:\/\/agora.xtec.cat\/iesalmenar\/wp-json\/wp\/v2\/tags?post=5887"}],"curies":[{"name":"wp","href":"https:\/\/api.w.org\/{rel}","templated":true}]}}