{"id":5859,"date":"2026-02-05T13:52:19","date_gmt":"2026-02-05T12:52:19","guid":{"rendered":"https:\/\/agora.xtec.cat\/iesalmenar\/?p=5859"},"modified":"2026-03-05T13:40:03","modified_gmt":"2026-03-05T12:40:03","slug":"jornada-de-portes-obertes-a-linstitut-dalmenar","status":"publish","type":"post","link":"https:\/\/agora.xtec.cat\/iesalmenar\/noticies\/jornada-de-portes-obertes-a-linstitut-dalmenar\/","title":{"rendered":"Jornada de Portes Obertes a l\u2019Institut d\u2019Almenar"},"content":{"rendered":"<p data-start=\"1233\" data-end=\"1445\">L\u2019<strong data-start=\"1235\" data-end=\"1276\"><span class=\"hover:entity-accent entity-underline inline cursor-pointer align-baseline\"><span class=\"whitespace-normal\">Institut d\u2019Almenar<\/span><\/span><\/strong> obrir\u00e0 les seves portes el <strong data-start=\"1304\" data-end=\"1326\">dimecres 4 de mar\u00e7<\/strong> amb l\u2019objectiu de donar a con\u00e8ixer l\u2019oferta educativa i les instal\u00b7lacions del centre a les fam\u00edlies i futurs alumnes.<\/p>\n<p data-start=\"1447\" data-end=\"1569\">La jornada es dur\u00e0 a terme en <strong data-start=\"1477\" data-end=\"1490\">dos torns<\/strong>, a les <strong data-start=\"1498\" data-end=\"1509\">17.30 h<\/strong> i a les <strong data-start=\"1518\" data-end=\"1529\">19.00 h<\/strong>, per facilitar l\u2019assist\u00e8ncia de tothom.<\/p>\n<p data-start=\"1571\" data-end=\"1671\">Durant la visita, les persones assistents podran informar-se sobre els estudis que s\u2019hi imparteixen:<\/p>\n<ul data-start=\"1672\" data-end=\"1846\">\n<li data-start=\"1672\" data-end=\"1713\">\n<p data-start=\"1674\" data-end=\"1713\">Educaci\u00f3 Secund\u00e0ria Obligat\u00f2ria (ESO)<\/p>\n<\/li>\n<li data-start=\"1714\" data-end=\"1729\">\n<p data-start=\"1716\" data-end=\"1729\">Batxillerat<\/p>\n<\/li>\n<li data-start=\"1730\" data-end=\"1788\">\n<p data-start=\"1732\" data-end=\"1788\">Cicle Formatiu de Grau B\u00e0sic de Serveis Administratius<\/p>\n<\/li>\n<li data-start=\"1789\" data-end=\"1846\">\n<p data-start=\"1791\" data-end=\"1846\">Cicle Formatiu de Grau Mitj\u00e0 de Gesti\u00f3 Administrativa<\/p>\n<\/li>\n<\/ul>\n<p data-start=\"1848\" data-end=\"2031\">Tamb\u00e9 es realitzar\u00e0 un recorregut per les principals instal\u00b7lacions del centre, com l\u2019aula de tecnologia, els laboratoris, la biblioteca, la zona esportiva, l\u2019aula ATECA i la cantina.<\/p>\n<p data-start=\"1848\" data-end=\"2031\">\ud83c\udf10 <a href=\"https:\/\/forms.gle\/r2SszgCGEqnChdhE7\" target=\"_blank\" rel=\"noopener\">Enlla\u00e7 amb el formulari d&#8217;inscripci\u00f3.<\/a><\/p>\n<h4 data-start=\"2033\" data-end=\"2064\">\u00a0<\/h4>\n<h4 data-start=\"2033\" data-end=\"2064\"><strong data-start=\"2038\" data-end=\"2064\">Informaci\u00f3 de contacte<\/strong><\/h4>\n<ul data-start=\"2065\" data-end=\"2216\">\n<li data-start=\"2065\" data-end=\"2090\">\n<p data-start=\"2067\" data-end=\"2090\">\ud83d\udccd Institut d\u2019Almenar<\/p>\n<\/li>\n<li data-start=\"2091\" data-end=\"2117\">\n<p data-start=\"2093\" data-end=\"2117\">\ud83d\udcde Tel\u00e8fon: 973 770130<\/p>\n<\/li>\n<li data-start=\"2118\" data-end=\"2164\">\n<p data-start=\"2120\" data-end=\"2164\">\ud83c\udf10 Web: <a class=\"decorated-link\" href=\"https:\/\/agora.xtec.cat\/iesalmenar\/\" target=\"_new\" rel=\"noopener\" data-start=\"2128\" data-end=\"2162\">https:\/\/agora.xtec.cat\/iesalmenar\/<\/a><\/p>\n<\/li>\n<li data-start=\"2165\" data-end=\"2216\">\n<p data-start=\"2167\" data-end=\"2216\">\ud83d\udce9 Correu electr\u00f2nic: <a class=\"decorated-link cursor-pointer\" rel=\"noopener\" data-start=\"2189\" data-end=\"2214\">secretaria@insalmenar.cat<\/a><\/p>\n<\/li>\n<\/ul>\n<p data-start=\"2218\" data-end=\"2239\">\ud83d\udc49 <strong data-start=\"2221\" data-end=\"2239\">Us hi esperem!<\/strong><\/p>\n","protected":false},"excerpt":{"rendered":"<p>L\u2019Institut d\u2019Almenar obrir\u00e0 les seves portes el dimecres 4 de mar\u00e7 amb l\u2019objectiu de donar a con\u00e8ixer l\u2019oferta educativa i les instal\u00b7lacions del centre a les fam\u00edlies i futurs alumnes.<br \/>\nLa jornada es dur\u00e0 a terme en dos torns, a les 17.30 h i a les&hellip;  <a href=\"https:\/\/agora.xtec.cat\/iesalmenar\/noticies\/jornada-de-portes-obertes-a-linstitut-dalmenar\/\" title=\"Read Jornada de Portes Obertes a l\u2019Institut d\u2019Almenar\">Llegeix m\u00e9s\u00bb<\/a><\/p>\n","protected":false},"author":1,"featured_media":5860,"comment_status":"open","ping_status":"open","sticky":false,"template":"","format":"standard","meta":{"_bbp_topic_count":0,"_bbp_reply_count":0,"_bbp_total_topic_count":0,"_bbp_total_reply_count":0,"_bbp_voice_count":0,"_bbp_anonymous_reply_count":0,"_bbp_topic_count_hidden":0,"_bbp_reply_count_hidden":0,"_bbp_forum_subforum_count":0,"footnotes":""},"categories":[262],"tags":[],"class_list":["post-5859","post","type-post","status-publish","format-standard","has-post-thumbnail","hentry","category-noticies"],"post_mailing_queue_ids":[],"_links":{"self":[{"href":"https:\/\/agora.xtec.cat\/iesalmenar\/wp-json\/wp\/v2\/posts\/5859","targetHints":{"allow":["GET"]}}],"collection":[{"href":"https:\/\/agora.xtec.cat\/iesalmenar\/wp-json\/wp\/v2\/posts"}],"about":[{"href":"https:\/\/agora.xtec.cat\/iesalmenar\/wp-json\/wp\/v2\/types\/post"}],"author":[{"embeddable":true,"href":"https:\/\/agora.xtec.cat\/iesalmenar\/wp-json\/wp\/v2\/users\/1"}],"replies":[{"embeddable":true,"href":"https:\/\/agora.xtec.cat\/iesalmenar\/wp-json\/wp\/v2\/comments?post=5859"}],"version-history":[{"count":1,"href":"https:\/\/agora.xtec.cat\/iesalmenar\/wp-json\/wp\/v2\/posts\/5859\/revisions"}],"predecessor-version":[{"id":5861,"href":"https:\/\/agora.xtec.cat\/iesalmenar\/wp-json\/wp\/v2\/posts\/5859\/revisions\/5861"}],"wp:featuredmedia":[{"embeddable":true,"href":"https:\/\/agora.xtec.cat\/iesalmenar\/wp-json\/wp\/v2\/media\/5860"}],"wp:attachment":[{"href":"https:\/\/agora.xtec.cat\/iesalmenar\/wp-json\/wp\/v2\/media?parent=5859"}],"wp:term":[{"taxonomy":"category","embeddable":true,"href":"https:\/\/agora.xtec.cat\/iesalmenar\/wp-json\/wp\/v2\/categories?post=5859"},{"taxonomy":"post_tag","embeddable":true,"href":"https:\/\/agora.xtec.cat\/iesalmenar\/wp-json\/wp\/v2\/tags?post=5859"}],"curies":[{"name":"wp","href":"https:\/\/api.w.org\/{rel}","templated":true}]}}