{"id":5826,"date":"2026-01-30T14:25:55","date_gmt":"2026-01-30T13:25:55","guid":{"rendered":"https:\/\/agora.xtec.cat\/iesalmenar\/?p=5826"},"modified":"2026-01-30T14:26:22","modified_gmt":"2026-01-30T13:26:22","slug":"%f0%9f%95%8a%ef%b8%8f-som-mans-que-construeixen-pau","status":"publish","type":"post","link":"https:\/\/agora.xtec.cat\/iesalmenar\/noticies\/%f0%9f%95%8a%ef%b8%8f-som-mans-que-construeixen-pau\/","title":{"rendered":"\ud83d\udd4a\ufe0f Som mans que construeixen pau"},"content":{"rendered":"<p data-path-to-node=\"5\">Avui, amb motiu del <b data-path-to-node=\"5\" data-index-in-node=\"20\">DENIP<\/b> (Dia Escolar de la No-viol\u00e8ncia i la Pau), el nostre institut s&#8217;ha omplert de color i comprom\u00eds. Hem creat un mural col\u00b7lectiu on cada m\u00e0 representa un desig i cada paraula un pas cap a un m\u00f3n millor. \ud83d\udd90\ufe0f\u2728<\/p>\n<p data-path-to-node=\"6\">De la toler\u00e0ncia al respecte, de l&#8217;empatia a la conviv\u00e8ncia. Perqu\u00e8 la pau no nom\u00e9s se celebra, es construeix cada dia a les aules!<\/p>\n<p><img loading=\"lazy\" decoding=\"async\" class=\"aligncenter size-medium wp-image-5827\" src=\"https:\/\/agora.xtec.cat\/iesalmenar\/wp-content\/uploads\/usu784\/2026\/01\/IMG_6999-en-tamano-grande-300x225.jpeg\" alt=\"\" width=\"300\" height=\"225\" srcset=\"https:\/\/agora.xtec.cat\/iesalmenar\/wp-content\/uploads\/usu784\/2026\/01\/IMG_6999-en-tamano-grande-300x225.jpeg 300w, https:\/\/agora.xtec.cat\/iesalmenar\/wp-content\/uploads\/usu784\/2026\/01\/IMG_6999-en-tamano-grande-1024x768.jpeg 1024w, https:\/\/agora.xtec.cat\/iesalmenar\/wp-content\/uploads\/usu784\/2026\/01\/IMG_6999-en-tamano-grande-150x113.jpeg 150w, https:\/\/agora.xtec.cat\/iesalmenar\/wp-content\/uploads\/usu784\/2026\/01\/IMG_6999-en-tamano-grande-768x576.jpeg 768w, https:\/\/agora.xtec.cat\/iesalmenar\/wp-content\/uploads\/usu784\/2026\/01\/IMG_6999-en-tamano-grande-200x150.jpeg 200w, https:\/\/agora.xtec.cat\/iesalmenar\/wp-content\/uploads\/usu784\/2026\/01\/IMG_6999-en-tamano-grande.jpeg 1280w\" sizes=\"auto, (max-width: 300px) 100vw, 300px\" \/><\/p>\n","protected":false},"excerpt":{"rendered":"<p>Avui, amb motiu del DENIP (Dia Escolar de la No-viol\u00e8ncia i la Pau), el nostre institut s&#8217;ha omplert de color i comprom\u00eds. Hem creat un mural col\u00b7lectiu on cada m\u00e0 representa un desig i cada paraula un pas cap a un m\u00f3n millor. \ud83d\udd90\ufe0f\u2728<br \/>\nDe la&hellip;  <a href=\"https:\/\/agora.xtec.cat\/iesalmenar\/noticies\/%f0%9f%95%8a%ef%b8%8f-som-mans-que-construeixen-pau\/\" title=\"Read \ud83d\udd4a\ufe0f Som mans que construeixen pau\">Llegeix m\u00e9s\u00bb<\/a><\/p>\n","protected":false},"author":1,"featured_media":5827,"comment_status":"open","ping_status":"open","sticky":false,"template":"","format":"standard","meta":{"_bbp_topic_count":0,"_bbp_reply_count":0,"_bbp_total_topic_count":0,"_bbp_total_reply_count":0,"_bbp_voice_count":0,"_bbp_anonymous_reply_count":0,"_bbp_topic_count_hidden":0,"_bbp_reply_count_hidden":0,"_bbp_forum_subforum_count":0,"footnotes":""},"categories":[262],"tags":[],"class_list":["post-5826","post","type-post","status-publish","format-standard","has-post-thumbnail","hentry","category-noticies"],"post_mailing_queue_ids":[],"_links":{"self":[{"href":"https:\/\/agora.xtec.cat\/iesalmenar\/wp-json\/wp\/v2\/posts\/5826","targetHints":{"allow":["GET"]}}],"collection":[{"href":"https:\/\/agora.xtec.cat\/iesalmenar\/wp-json\/wp\/v2\/posts"}],"about":[{"href":"https:\/\/agora.xtec.cat\/iesalmenar\/wp-json\/wp\/v2\/types\/post"}],"author":[{"embeddable":true,"href":"https:\/\/agora.xtec.cat\/iesalmenar\/wp-json\/wp\/v2\/users\/1"}],"replies":[{"embeddable":true,"href":"https:\/\/agora.xtec.cat\/iesalmenar\/wp-json\/wp\/v2\/comments?post=5826"}],"version-history":[{"count":1,"href":"https:\/\/agora.xtec.cat\/iesalmenar\/wp-json\/wp\/v2\/posts\/5826\/revisions"}],"predecessor-version":[{"id":5828,"href":"https:\/\/agora.xtec.cat\/iesalmenar\/wp-json\/wp\/v2\/posts\/5826\/revisions\/5828"}],"wp:featuredmedia":[{"embeddable":true,"href":"https:\/\/agora.xtec.cat\/iesalmenar\/wp-json\/wp\/v2\/media\/5827"}],"wp:attachment":[{"href":"https:\/\/agora.xtec.cat\/iesalmenar\/wp-json\/wp\/v2\/media?parent=5826"}],"wp:term":[{"taxonomy":"category","embeddable":true,"href":"https:\/\/agora.xtec.cat\/iesalmenar\/wp-json\/wp\/v2\/categories?post=5826"},{"taxonomy":"post_tag","embeddable":true,"href":"https:\/\/agora.xtec.cat\/iesalmenar\/wp-json\/wp\/v2\/tags?post=5826"}],"curies":[{"name":"wp","href":"https:\/\/api.w.org\/{rel}","templated":true}]}}