{"id":5823,"date":"2026-01-30T11:00:32","date_gmt":"2026-01-30T10:00:32","guid":{"rendered":"https:\/\/agora.xtec.cat\/iesalmenar\/?p=5823"},"modified":"2026-01-29T13:43:06","modified_gmt":"2026-01-29T12:43:06","slug":"xerrada-de-sensibilitzacio-sobre-el-transplantament-de-ronyo","status":"publish","type":"post","link":"https:\/\/agora.xtec.cat\/iesalmenar\/noticies\/xerrada-de-sensibilitzacio-sobre-el-transplantament-de-ronyo\/","title":{"rendered":"Xerrada de sensibilitzaci\u00f3 sobre el transplantament de rony\u00f3"},"content":{"rendered":"<p data-start=\"984\" data-end=\"1204\">L\u2019alumnat de <strong data-start=\"997\" data-end=\"1049\">3r d\u2019ESO i 1r de Batxillerat de l\u2019\u00e0mbit sanitari<\/strong> ha assistit recentment a una <strong data-start=\"1079\" data-end=\"1143\">xerrada de sensibilitzaci\u00f3 sobre el transplantament de rony\u00f3<\/strong>, impartida per la <strong data-start=\"1162\" data-end=\"1203\"><span class=\"hover:entity-accent entity-underline inline cursor-pointer align-baseline\"><span class=\"whitespace-normal\">Fundaci\u00f3 Arn\u00f3<\/span><\/span><\/strong>.<\/p>\n<p data-start=\"1206\" data-end=\"1417\">L\u2019activitat ha perm\u00e8s aprofundir en el coneixement del proc\u00e9s de donaci\u00f3 i transplantament, aix\u00ed com reflexionar sobre la import\u00e0ncia de la <strong data-start=\"1346\" data-end=\"1361\">solidaritat<\/strong>, la <strong data-start=\"1366\" data-end=\"1388\">consci\u00e8ncia social<\/strong> i el comprom\u00eds amb la salut.<\/p>\n<p data-start=\"1419\" data-end=\"1615\">Aquest tipus d\u2019iniciatives complementen la formaci\u00f3 acad\u00e8mica de l\u2019alumnat de l\u2019\u00e0mbit sanitari i contribueixen a una educaci\u00f3 integral, connectada amb realitats socials i sanit\u00e0ries d\u2019alt impacte.<\/p>\n","protected":false},"excerpt":{"rendered":"<p>L\u2019alumnat de 3r d\u2019ESO i 1r de Batxillerat de l\u2019\u00e0mbit sanitari ha assistit recentment a una xerrada de sensibilitzaci\u00f3 sobre el transplantament de rony\u00f3, impartida per la Fundaci\u00f3 Arn\u00f3.<br \/>\nL\u2019activitat ha perm\u00e8s aprofundir en el coneixement del proc\u00e9s de donaci\u00f3 i transplantament, aix\u00ed com reflexionar sobre&hellip;  <a href=\"https:\/\/agora.xtec.cat\/iesalmenar\/noticies\/xerrada-de-sensibilitzacio-sobre-el-transplantament-de-ronyo\/\" title=\"Read Xerrada de sensibilitzaci\u00f3 sobre el transplantament de rony\u00f3\">Llegeix m\u00e9s\u00bb<\/a><\/p>\n","protected":false},"author":1,"featured_media":5824,"comment_status":"open","ping_status":"open","sticky":false,"template":"","format":"standard","meta":{"_bbp_topic_count":0,"_bbp_reply_count":0,"_bbp_total_topic_count":0,"_bbp_total_reply_count":0,"_bbp_voice_count":0,"_bbp_anonymous_reply_count":0,"_bbp_topic_count_hidden":0,"_bbp_reply_count_hidden":0,"_bbp_forum_subforum_count":0,"footnotes":""},"categories":[262],"tags":[],"class_list":["post-5823","post","type-post","status-publish","format-standard","has-post-thumbnail","hentry","category-noticies"],"post_mailing_queue_ids":[],"_links":{"self":[{"href":"https:\/\/agora.xtec.cat\/iesalmenar\/wp-json\/wp\/v2\/posts\/5823","targetHints":{"allow":["GET"]}}],"collection":[{"href":"https:\/\/agora.xtec.cat\/iesalmenar\/wp-json\/wp\/v2\/posts"}],"about":[{"href":"https:\/\/agora.xtec.cat\/iesalmenar\/wp-json\/wp\/v2\/types\/post"}],"author":[{"embeddable":true,"href":"https:\/\/agora.xtec.cat\/iesalmenar\/wp-json\/wp\/v2\/users\/1"}],"replies":[{"embeddable":true,"href":"https:\/\/agora.xtec.cat\/iesalmenar\/wp-json\/wp\/v2\/comments?post=5823"}],"version-history":[{"count":1,"href":"https:\/\/agora.xtec.cat\/iesalmenar\/wp-json\/wp\/v2\/posts\/5823\/revisions"}],"predecessor-version":[{"id":5825,"href":"https:\/\/agora.xtec.cat\/iesalmenar\/wp-json\/wp\/v2\/posts\/5823\/revisions\/5825"}],"wp:featuredmedia":[{"embeddable":true,"href":"https:\/\/agora.xtec.cat\/iesalmenar\/wp-json\/wp\/v2\/media\/5824"}],"wp:attachment":[{"href":"https:\/\/agora.xtec.cat\/iesalmenar\/wp-json\/wp\/v2\/media?parent=5823"}],"wp:term":[{"taxonomy":"category","embeddable":true,"href":"https:\/\/agora.xtec.cat\/iesalmenar\/wp-json\/wp\/v2\/categories?post=5823"},{"taxonomy":"post_tag","embeddable":true,"href":"https:\/\/agora.xtec.cat\/iesalmenar\/wp-json\/wp\/v2\/tags?post=5823"}],"curies":[{"name":"wp","href":"https:\/\/api.w.org\/{rel}","templated":true}]}}