{"id":5808,"date":"2026-01-23T15:27:33","date_gmt":"2026-01-23T14:27:33","guid":{"rendered":"https:\/\/agora.xtec.cat\/iesalmenar\/?p=5808"},"modified":"2026-01-23T15:27:33","modified_gmt":"2026-01-23T14:27:33","slug":"xerrada-per-a-families-acompanyar-en-ladolescencia","status":"publish","type":"post","link":"https:\/\/agora.xtec.cat\/iesalmenar\/noticies\/xerrada-per-a-families-acompanyar-en-ladolescencia\/","title":{"rendered":"Xerrada per a fam\u00edlies: Acompanyar en l\u2019adolesc\u00e8ncia"},"content":{"rendered":"<p data-start=\"1184\" data-end=\"1398\">El pr\u00f2xim <strong data-start=\"1194\" data-end=\"1232\">dilluns 26 de gener, a les 18.30 h<\/strong>, l\u2019institut acollir\u00e0 la xerrada <strong data-start=\"1265\" data-end=\"1299\">\u201cAcompanyar en l\u2019adolesc\u00e8ncia\u201d<\/strong>, adre\u00e7ada a les fam\u00edlies de <strong data-start=\"1328\" data-end=\"1340\">1r d\u2019ESO<\/strong> i a aquelles que el curs passat no hi van poder assistir.<\/p>\n<p data-start=\"1400\" data-end=\"1738\">La sessi\u00f3 anir\u00e0 a c\u00e0rrec de <strong data-start=\"1428\" data-end=\"1446\">Maria del Olmo<\/strong> i <strong data-start=\"1449\" data-end=\"1467\">\u00d2scar Becerril<\/strong>, i tindr\u00e0 lloc a la <strong data-start=\"1488\" data-end=\"1515\">sala d\u2019actes del centre<\/strong>. L\u2019objectiu de la xerrada \u00e9s oferir un espai de reflexi\u00f3 i orientaci\u00f3 per ajudar les fam\u00edlies a comprendre millor l\u2019etapa de l\u2019adolesc\u00e8ncia i dotar-les d\u2019eines per acompanyar els seus fills i filles en aquest proc\u00e9s vital.<\/p>\n<p data-start=\"1740\" data-end=\"1915\">Des del centre considerem fonamental refor\u00e7ar la col\u00b7laboraci\u00f3 amb les fam\u00edlies i generar espais de di\u00e0leg que contribueixin al benestar i al creixement personal de l\u2019alumnat.<\/p>\n<p data-start=\"1917\" data-end=\"1941\">Us animem a assistir-hi.<\/p>\n","protected":false},"excerpt":{"rendered":"<p>El pr\u00f2xim dilluns 26 de gener, a les 18.30 h, l\u2019institut acollir\u00e0 la xerrada \u201cAcompanyar en l\u2019adolesc\u00e8ncia\u201d, adre\u00e7ada a les fam\u00edlies de 1r d\u2019ESO i a aquelles que el curs passat no hi van poder assistir.<br \/>\nLa sessi\u00f3 anir\u00e0 a c\u00e0rrec de Maria del Olmo i&hellip;  <a href=\"https:\/\/agora.xtec.cat\/iesalmenar\/noticies\/xerrada-per-a-families-acompanyar-en-ladolescencia\/\" title=\"Read Xerrada per a fam\u00edlies: Acompanyar en l\u2019adolesc\u00e8ncia\">Llegeix m\u00e9s\u00bb<\/a><\/p>\n","protected":false},"author":1,"featured_media":5809,"comment_status":"open","ping_status":"open","sticky":false,"template":"","format":"standard","meta":{"_bbp_topic_count":0,"_bbp_reply_count":0,"_bbp_total_topic_count":0,"_bbp_total_reply_count":0,"_bbp_voice_count":0,"_bbp_anonymous_reply_count":0,"_bbp_topic_count_hidden":0,"_bbp_reply_count_hidden":0,"_bbp_forum_subforum_count":0,"footnotes":""},"categories":[262],"tags":[],"class_list":["post-5808","post","type-post","status-publish","format-standard","has-post-thumbnail","hentry","category-noticies"],"post_mailing_queue_ids":[],"_links":{"self":[{"href":"https:\/\/agora.xtec.cat\/iesalmenar\/wp-json\/wp\/v2\/posts\/5808","targetHints":{"allow":["GET"]}}],"collection":[{"href":"https:\/\/agora.xtec.cat\/iesalmenar\/wp-json\/wp\/v2\/posts"}],"about":[{"href":"https:\/\/agora.xtec.cat\/iesalmenar\/wp-json\/wp\/v2\/types\/post"}],"author":[{"embeddable":true,"href":"https:\/\/agora.xtec.cat\/iesalmenar\/wp-json\/wp\/v2\/users\/1"}],"replies":[{"embeddable":true,"href":"https:\/\/agora.xtec.cat\/iesalmenar\/wp-json\/wp\/v2\/comments?post=5808"}],"version-history":[{"count":1,"href":"https:\/\/agora.xtec.cat\/iesalmenar\/wp-json\/wp\/v2\/posts\/5808\/revisions"}],"predecessor-version":[{"id":5810,"href":"https:\/\/agora.xtec.cat\/iesalmenar\/wp-json\/wp\/v2\/posts\/5808\/revisions\/5810"}],"wp:featuredmedia":[{"embeddable":true,"href":"https:\/\/agora.xtec.cat\/iesalmenar\/wp-json\/wp\/v2\/media\/5809"}],"wp:attachment":[{"href":"https:\/\/agora.xtec.cat\/iesalmenar\/wp-json\/wp\/v2\/media?parent=5808"}],"wp:term":[{"taxonomy":"category","embeddable":true,"href":"https:\/\/agora.xtec.cat\/iesalmenar\/wp-json\/wp\/v2\/categories?post=5808"},{"taxonomy":"post_tag","embeddable":true,"href":"https:\/\/agora.xtec.cat\/iesalmenar\/wp-json\/wp\/v2\/tags?post=5808"}],"curies":[{"name":"wp","href":"https:\/\/api.w.org\/{rel}","templated":true}]}}