{"id":5796,"date":"2026-01-14T11:03:09","date_gmt":"2026-01-14T10:03:09","guid":{"rendered":"https:\/\/agora.xtec.cat\/iesalmenar\/?p=5796"},"modified":"2026-01-14T11:03:09","modified_gmt":"2026-01-14T10:03:09","slug":"cicle-de-xerrades-deconomia-i-finances-a-4t-deso","status":"publish","type":"post","link":"https:\/\/agora.xtec.cat\/iesalmenar\/noticies\/cicle-de-xerrades-deconomia-i-finances-a-4t-deso\/","title":{"rendered":"Cicle de xerrades d\u2019economia i finances a 4t d\u2019ESO"},"content":{"rendered":"<p data-start=\"1028\" data-end=\"1224\">L\u2019alumnat de 4t d\u2019ESO ha participat en un <strong data-start=\"1070\" data-end=\"1102\">cicle de xerrades formatives<\/strong> centrades en l\u2019educaci\u00f3 econ\u00f2mica i financera, amb l\u2019objectiu de fomentar una presa de decisions responsable i conscient.<\/p>\n<p data-start=\"1226\" data-end=\"1600\">Les sessions han abordat tres tem\u00e0tiques principals: <strong data-start=\"1279\" data-end=\"1311\">\u201cAdministra els teus diners\u201d<\/strong>, orientada a la gesti\u00f3 b\u00e0sica dels recursos personals; <strong data-start=\"1367\" data-end=\"1393\">\u201cEndeutar-se amb seny\u201d<\/strong>, centrada en els riscos i les responsabilitats associades al cr\u00e8dit; i <strong data-start=\"1465\" data-end=\"1490\">\u201cL\u2019economia circular\u201d<\/strong>, que proposa un model econ\u00f2mic m\u00e9s sostenible basat en la reducci\u00f3, reutilitzaci\u00f3 i reciclatge dels recursos.<\/p>\n<p data-start=\"1602\" data-end=\"1813\">Aquestes xerrades contribueixen a dotar l\u2019alumnat d\u2019eines \u00fatils per a la vida adulta i reforcen el comprom\u00eds del centre amb una educaci\u00f3 integral, cr\u00edtica i connectada amb els reptes socials i econ\u00f2mics actuals.<\/p>\n","protected":false},"excerpt":{"rendered":"<p>L\u2019alumnat de 4t d\u2019ESO ha participat en un cicle de xerrades formatives centrades en l\u2019educaci\u00f3 econ\u00f2mica i financera, amb l\u2019objectiu de fomentar una presa de decisions responsable i conscient.<br \/>\nLes sessions han abordat tres tem\u00e0tiques principals: \u201cAdministra els teus diners\u201d, orientada a la gesti\u00f3 b\u00e0sica dels&hellip;  <a href=\"https:\/\/agora.xtec.cat\/iesalmenar\/noticies\/cicle-de-xerrades-deconomia-i-finances-a-4t-deso\/\" title=\"Read Cicle de xerrades d\u2019economia i finances a 4t d\u2019ESO\">Llegeix m\u00e9s\u00bb<\/a><\/p>\n","protected":false},"author":1,"featured_media":5797,"comment_status":"open","ping_status":"open","sticky":false,"template":"","format":"standard","meta":{"_bbp_topic_count":0,"_bbp_reply_count":0,"_bbp_total_topic_count":0,"_bbp_total_reply_count":0,"_bbp_voice_count":0,"_bbp_anonymous_reply_count":0,"_bbp_topic_count_hidden":0,"_bbp_reply_count_hidden":0,"_bbp_forum_subforum_count":0,"footnotes":""},"categories":[262],"tags":[],"class_list":["post-5796","post","type-post","status-publish","format-standard","has-post-thumbnail","hentry","category-noticies"],"post_mailing_queue_ids":[],"_links":{"self":[{"href":"https:\/\/agora.xtec.cat\/iesalmenar\/wp-json\/wp\/v2\/posts\/5796","targetHints":{"allow":["GET"]}}],"collection":[{"href":"https:\/\/agora.xtec.cat\/iesalmenar\/wp-json\/wp\/v2\/posts"}],"about":[{"href":"https:\/\/agora.xtec.cat\/iesalmenar\/wp-json\/wp\/v2\/types\/post"}],"author":[{"embeddable":true,"href":"https:\/\/agora.xtec.cat\/iesalmenar\/wp-json\/wp\/v2\/users\/1"}],"replies":[{"embeddable":true,"href":"https:\/\/agora.xtec.cat\/iesalmenar\/wp-json\/wp\/v2\/comments?post=5796"}],"version-history":[{"count":1,"href":"https:\/\/agora.xtec.cat\/iesalmenar\/wp-json\/wp\/v2\/posts\/5796\/revisions"}],"predecessor-version":[{"id":5798,"href":"https:\/\/agora.xtec.cat\/iesalmenar\/wp-json\/wp\/v2\/posts\/5796\/revisions\/5798"}],"wp:featuredmedia":[{"embeddable":true,"href":"https:\/\/agora.xtec.cat\/iesalmenar\/wp-json\/wp\/v2\/media\/5797"}],"wp:attachment":[{"href":"https:\/\/agora.xtec.cat\/iesalmenar\/wp-json\/wp\/v2\/media?parent=5796"}],"wp:term":[{"taxonomy":"category","embeddable":true,"href":"https:\/\/agora.xtec.cat\/iesalmenar\/wp-json\/wp\/v2\/categories?post=5796"},{"taxonomy":"post_tag","embeddable":true,"href":"https:\/\/agora.xtec.cat\/iesalmenar\/wp-json\/wp\/v2\/tags?post=5796"}],"curies":[{"name":"wp","href":"https:\/\/api.w.org\/{rel}","templated":true}]}}