{"id":5781,"date":"2025-12-18T13:41:18","date_gmt":"2025-12-18T12:41:18","guid":{"rendered":"https:\/\/agora.xtec.cat\/iesalmenar\/?p=5781"},"modified":"2025-12-18T13:41:18","modified_gmt":"2025-12-18T12:41:18","slug":"intercanvi-de-postals-en-el-marc-del-projecte-amic-daula-dacollida","status":"publish","type":"post","link":"https:\/\/agora.xtec.cat\/iesalmenar\/noticies\/intercanvi-de-postals-en-el-marc-del-projecte-amic-daula-dacollida\/","title":{"rendered":"Intercanvi de postals en el marc del projecte \u201cAmic d\u2019Aula d\u2019Acollida\u201d"},"content":{"rendered":"<p data-start=\"982\" data-end=\"1217\">L\u2019alumnat de l\u2019Aula d\u2019Acollida de l\u2019Institut d\u2019Almenar ha participat recentment en el projecte <strong data-start=\"1077\" data-end=\"1105\">\u201cAmic d\u2019Aula d\u2019Acollida\u201d<\/strong>, una iniciativa que promou la comunicaci\u00f3 i la creaci\u00f3 de vincles entre alumnat de diferents centres educatius.<\/p>\n<p data-start=\"1219\" data-end=\"1427\">Amb motiu de les festes de Nadal, l\u2019alumnat ha elaborat i enviat una <strong data-start=\"1288\" data-end=\"1308\">postal nadalenca<\/strong> a l\u2019Aula d\u2019Acollida de l\u2019INS Joan Sol\u00e0 de Torrefarrera, que tamb\u00e9 ha respost amb una postal adre\u00e7ada al nostre centre.<\/p>\n<p data-start=\"1429\" data-end=\"1647\">Aquest intercanvi simb\u00f2lic ha perm\u00e8s treballar l\u2019expressi\u00f3 escrita, la conviv\u00e8ncia i el sentiment de pertinen\u00e7a a la comunitat educativa, tot fomentant valors com el respecte, la inclusi\u00f3 i la cooperaci\u00f3 entre centres.<\/p>\n","protected":false},"excerpt":{"rendered":"<p>L\u2019alumnat de l\u2019Aula d\u2019Acollida de l\u2019Institut d\u2019Almenar ha participat recentment en el projecte \u201cAmic d\u2019Aula d\u2019Acollida\u201d, una iniciativa que promou la comunicaci\u00f3 i la creaci\u00f3 de vincles entre alumnat de diferents centres educatius.<br \/>\nAmb motiu de les festes de Nadal, l\u2019alumnat ha elaborat i enviat una&hellip;  <a href=\"https:\/\/agora.xtec.cat\/iesalmenar\/noticies\/intercanvi-de-postals-en-el-marc-del-projecte-amic-daula-dacollida\/\" title=\"Read Intercanvi de postals en el marc del projecte \u201cAmic d\u2019Aula d\u2019Acollida\u201d\">Llegeix m\u00e9s\u00bb<\/a><\/p>\n","protected":false},"author":1,"featured_media":5782,"comment_status":"open","ping_status":"open","sticky":false,"template":"","format":"standard","meta":{"_bbp_topic_count":0,"_bbp_reply_count":0,"_bbp_total_topic_count":0,"_bbp_total_reply_count":0,"_bbp_voice_count":0,"_bbp_anonymous_reply_count":0,"_bbp_topic_count_hidden":0,"_bbp_reply_count_hidden":0,"_bbp_forum_subforum_count":0,"footnotes":""},"categories":[262],"tags":[],"class_list":["post-5781","post","type-post","status-publish","format-standard","has-post-thumbnail","hentry","category-noticies"],"post_mailing_queue_ids":[],"_links":{"self":[{"href":"https:\/\/agora.xtec.cat\/iesalmenar\/wp-json\/wp\/v2\/posts\/5781","targetHints":{"allow":["GET"]}}],"collection":[{"href":"https:\/\/agora.xtec.cat\/iesalmenar\/wp-json\/wp\/v2\/posts"}],"about":[{"href":"https:\/\/agora.xtec.cat\/iesalmenar\/wp-json\/wp\/v2\/types\/post"}],"author":[{"embeddable":true,"href":"https:\/\/agora.xtec.cat\/iesalmenar\/wp-json\/wp\/v2\/users\/1"}],"replies":[{"embeddable":true,"href":"https:\/\/agora.xtec.cat\/iesalmenar\/wp-json\/wp\/v2\/comments?post=5781"}],"version-history":[{"count":1,"href":"https:\/\/agora.xtec.cat\/iesalmenar\/wp-json\/wp\/v2\/posts\/5781\/revisions"}],"predecessor-version":[{"id":5783,"href":"https:\/\/agora.xtec.cat\/iesalmenar\/wp-json\/wp\/v2\/posts\/5781\/revisions\/5783"}],"wp:featuredmedia":[{"embeddable":true,"href":"https:\/\/agora.xtec.cat\/iesalmenar\/wp-json\/wp\/v2\/media\/5782"}],"wp:attachment":[{"href":"https:\/\/agora.xtec.cat\/iesalmenar\/wp-json\/wp\/v2\/media?parent=5781"}],"wp:term":[{"taxonomy":"category","embeddable":true,"href":"https:\/\/agora.xtec.cat\/iesalmenar\/wp-json\/wp\/v2\/categories?post=5781"},{"taxonomy":"post_tag","embeddable":true,"href":"https:\/\/agora.xtec.cat\/iesalmenar\/wp-json\/wp\/v2\/tags?post=5781"}],"curies":[{"name":"wp","href":"https:\/\/api.w.org\/{rel}","templated":true}]}}