{"id":5772,"date":"2025-12-17T09:17:25","date_gmt":"2025-12-17T08:17:25","guid":{"rendered":"https:\/\/agora.xtec.cat\/iesalmenar\/?p=5772"},"modified":"2025-12-17T09:17:25","modified_gmt":"2025-12-17T08:17:25","slug":"exit-de-la-venda-solidaria-de-postals-de-nadal","status":"publish","type":"post","link":"https:\/\/agora.xtec.cat\/iesalmenar\/noticies\/exit-de-la-venda-solidaria-de-postals-de-nadal\/","title":{"rendered":"\u00c8xit de la venda solid\u00e0ria de postals de Nadal"},"content":{"rendered":"<p data-start=\"921\" data-end=\"1145\">El passat dissabte, l\u2019alumnat de <strong data-start=\"954\" data-end=\"966\">1r d\u2019ESO<\/strong> va participar en una activitat solid\u00e0ria amb motiu de les festes nadalenques, organitzant una venda de <strong data-start=\"1070\" data-end=\"1090\">postals de Nadal<\/strong> destinades a recaptar fons per a <strong data-start=\"1124\" data-end=\"1144\">la Marat\u00f3 de TV3<\/strong>.<\/p>\n<p data-start=\"1147\" data-end=\"1311\">La iniciativa va ser tot un \u00e8xit, ja que es van aconseguir <strong data-start=\"1206\" data-end=\"1234\">vendre totes les postals<\/strong>, gr\u00e0cies a la implicaci\u00f3 de l\u2019alumnat i al suport de la comunitat educativa.<\/p>\n<p data-start=\"1313\" data-end=\"1504\">Aquesta activitat s\u2019emmarca dins del treball de valors com la solidaritat, el comprom\u00eds social i la participaci\u00f3 activa, i posa en valor la implicaci\u00f3 dels nostres joves en causes solid\u00e0ries.<\/p>\n","protected":false},"excerpt":{"rendered":"<p>El passat dissabte, l\u2019alumnat de 1r d\u2019ESO va participar en una activitat solid\u00e0ria amb motiu de les festes nadalenques, organitzant una venda de postals de Nadal destinades a recaptar fons per a la Marat\u00f3 de TV3.<br \/>\nLa iniciativa va ser tot un \u00e8xit, ja que es&hellip;  <a href=\"https:\/\/agora.xtec.cat\/iesalmenar\/noticies\/exit-de-la-venda-solidaria-de-postals-de-nadal\/\" title=\"Read \u00c8xit de la venda solid\u00e0ria de postals de Nadal\">Llegeix m\u00e9s\u00bb<\/a><\/p>\n","protected":false},"author":1,"featured_media":5773,"comment_status":"open","ping_status":"open","sticky":false,"template":"","format":"standard","meta":{"_bbp_topic_count":0,"_bbp_reply_count":0,"_bbp_total_topic_count":0,"_bbp_total_reply_count":0,"_bbp_voice_count":0,"_bbp_anonymous_reply_count":0,"_bbp_topic_count_hidden":0,"_bbp_reply_count_hidden":0,"_bbp_forum_subforum_count":0,"footnotes":""},"categories":[262],"tags":[],"class_list":["post-5772","post","type-post","status-publish","format-standard","has-post-thumbnail","hentry","category-noticies"],"post_mailing_queue_ids":[],"_links":{"self":[{"href":"https:\/\/agora.xtec.cat\/iesalmenar\/wp-json\/wp\/v2\/posts\/5772","targetHints":{"allow":["GET"]}}],"collection":[{"href":"https:\/\/agora.xtec.cat\/iesalmenar\/wp-json\/wp\/v2\/posts"}],"about":[{"href":"https:\/\/agora.xtec.cat\/iesalmenar\/wp-json\/wp\/v2\/types\/post"}],"author":[{"embeddable":true,"href":"https:\/\/agora.xtec.cat\/iesalmenar\/wp-json\/wp\/v2\/users\/1"}],"replies":[{"embeddable":true,"href":"https:\/\/agora.xtec.cat\/iesalmenar\/wp-json\/wp\/v2\/comments?post=5772"}],"version-history":[{"count":1,"href":"https:\/\/agora.xtec.cat\/iesalmenar\/wp-json\/wp\/v2\/posts\/5772\/revisions"}],"predecessor-version":[{"id":5774,"href":"https:\/\/agora.xtec.cat\/iesalmenar\/wp-json\/wp\/v2\/posts\/5772\/revisions\/5774"}],"wp:featuredmedia":[{"embeddable":true,"href":"https:\/\/agora.xtec.cat\/iesalmenar\/wp-json\/wp\/v2\/media\/5773"}],"wp:attachment":[{"href":"https:\/\/agora.xtec.cat\/iesalmenar\/wp-json\/wp\/v2\/media?parent=5772"}],"wp:term":[{"taxonomy":"category","embeddable":true,"href":"https:\/\/agora.xtec.cat\/iesalmenar\/wp-json\/wp\/v2\/categories?post=5772"},{"taxonomy":"post_tag","embeddable":true,"href":"https:\/\/agora.xtec.cat\/iesalmenar\/wp-json\/wp\/v2\/tags?post=5772"}],"curies":[{"name":"wp","href":"https:\/\/api.w.org\/{rel}","templated":true}]}}