{"id":5750,"date":"2025-12-03T12:05:04","date_gmt":"2025-12-03T11:05:04","guid":{"rendered":"https:\/\/agora.xtec.cat\/iesalmenar\/?p=5750"},"modified":"2025-12-03T12:05:04","modified_gmt":"2025-12-03T11:05:04","slug":"tallers-de-valors-de-la-convivencia-a-2n-deso","status":"publish","type":"post","link":"https:\/\/agora.xtec.cat\/iesalmenar\/noticies\/tallers-de-valors-de-la-convivencia-a-2n-deso\/","title":{"rendered":"Tallers de valors de la conviv\u00e8ncia a 2n d\u2019ESO"},"content":{"rendered":"<p data-start=\"727\" data-end=\"1044\">L\u2019alumnat de 2n d\u2019ESO del nostre institut ha participat recentment en uns tallers dedicats a treballar els valors de la conviv\u00e8ncia. A trav\u00e9s d\u2019activitats participatives i din\u00e0miques, l\u2019estudiantat ha reflexionat sobre aspectes tan importants com el respecte, l\u2019empatia, l\u2019escolta activa i la resoluci\u00f3 de conflictes.<\/p>\n<p data-start=\"1046\" data-end=\"1226\">Aquests tallers tenen com a objectiu potenciar un clima positiu i cooperatiu dins l\u2019aula, refor\u00e7ant les habilitats socials i fomentant una conviv\u00e8ncia saludable entre tots i totes.<\/p>\n<p data-start=\"1228\" data-end=\"1318\">Continuem apostant per una educaci\u00f3 integral que vagi m\u00e9s enll\u00e0 dels continguts acad\u00e8mics.<\/p>\n","protected":false},"excerpt":{"rendered":"<p>L\u2019alumnat de 2n d\u2019ESO del nostre institut ha participat recentment en uns tallers dedicats a treballar els valors de la conviv\u00e8ncia. A trav\u00e9s d\u2019activitats participatives i din\u00e0miques, l\u2019estudiantat ha reflexionat sobre aspectes tan importants com el respecte, l\u2019empatia, l\u2019escolta activa i la resoluci\u00f3 de conflictes.<br \/>\nAquests&hellip;  <a href=\"https:\/\/agora.xtec.cat\/iesalmenar\/noticies\/tallers-de-valors-de-la-convivencia-a-2n-deso\/\" title=\"Read Tallers de valors de la conviv\u00e8ncia a 2n d\u2019ESO\">Llegeix m\u00e9s\u00bb<\/a><\/p>\n","protected":false},"author":1,"featured_media":5751,"comment_status":"open","ping_status":"open","sticky":false,"template":"","format":"standard","meta":{"_bbp_topic_count":0,"_bbp_reply_count":0,"_bbp_total_topic_count":0,"_bbp_total_reply_count":0,"_bbp_voice_count":0,"_bbp_anonymous_reply_count":0,"_bbp_topic_count_hidden":0,"_bbp_reply_count_hidden":0,"_bbp_forum_subforum_count":0,"footnotes":""},"categories":[262],"tags":[],"class_list":["post-5750","post","type-post","status-publish","format-standard","has-post-thumbnail","hentry","category-noticies"],"post_mailing_queue_ids":[],"_links":{"self":[{"href":"https:\/\/agora.xtec.cat\/iesalmenar\/wp-json\/wp\/v2\/posts\/5750","targetHints":{"allow":["GET"]}}],"collection":[{"href":"https:\/\/agora.xtec.cat\/iesalmenar\/wp-json\/wp\/v2\/posts"}],"about":[{"href":"https:\/\/agora.xtec.cat\/iesalmenar\/wp-json\/wp\/v2\/types\/post"}],"author":[{"embeddable":true,"href":"https:\/\/agora.xtec.cat\/iesalmenar\/wp-json\/wp\/v2\/users\/1"}],"replies":[{"embeddable":true,"href":"https:\/\/agora.xtec.cat\/iesalmenar\/wp-json\/wp\/v2\/comments?post=5750"}],"version-history":[{"count":1,"href":"https:\/\/agora.xtec.cat\/iesalmenar\/wp-json\/wp\/v2\/posts\/5750\/revisions"}],"predecessor-version":[{"id":5752,"href":"https:\/\/agora.xtec.cat\/iesalmenar\/wp-json\/wp\/v2\/posts\/5750\/revisions\/5752"}],"wp:featuredmedia":[{"embeddable":true,"href":"https:\/\/agora.xtec.cat\/iesalmenar\/wp-json\/wp\/v2\/media\/5751"}],"wp:attachment":[{"href":"https:\/\/agora.xtec.cat\/iesalmenar\/wp-json\/wp\/v2\/media?parent=5750"}],"wp:term":[{"taxonomy":"category","embeddable":true,"href":"https:\/\/agora.xtec.cat\/iesalmenar\/wp-json\/wp\/v2\/categories?post=5750"},{"taxonomy":"post_tag","embeddable":true,"href":"https:\/\/agora.xtec.cat\/iesalmenar\/wp-json\/wp\/v2\/tags?post=5750"}],"curies":[{"name":"wp","href":"https:\/\/api.w.org\/{rel}","templated":true}]}}