{"id":5735,"date":"2025-11-13T13:27:53","date_gmt":"2025-11-13T12:27:53","guid":{"rendered":"https:\/\/agora.xtec.cat\/iesalmenar\/?p=5735"},"modified":"2025-11-13T13:27:53","modified_gmt":"2025-11-13T12:27:53","slug":"mines-de-cercs-i-colonia-vidal-4t-eso","status":"publish","type":"post","link":"https:\/\/agora.xtec.cat\/iesalmenar\/noticies\/mines-de-cercs-i-colonia-vidal-4t-eso\/","title":{"rendered":"Mines de Cercs i Col\u00f2nia Vidal &#8211; 4t ESO"},"content":{"rendered":"<div class=\"\" data-block=\"true\" data-editor=\"7fu89\" data-offset-key=\"44ado-0-0\">\n<div class=\"_1mf _1mj\" data-offset-key=\"44ado-0-0\">\u00a0<\/div>\n<\/div>\n<div class=\"\" data-block=\"true\" data-editor=\"7fu89\" data-offset-key=\"9p5n3-0-0\">\n<div class=\"_1mf _1mj\" data-offset-key=\"9p5n3-0-0\"><span data-offset-key=\"9p5n3-0-0\">L&#8217;alumnat de 4t d&#8217;ESO ha passat el dia al Bergued\u00e0. Coincidint amb l&#8217;estudi de les Revolucions Industrials han visitat les Mines de carb\u00f3 de Cercs on han pogut con\u00e8ixer des dels usos i aplicacions del carb\u00f3 fins a la vida entorn la mina. A la tarda han anat a visitar la Col\u00f2nia Vidal on han fet una passejada per veure a trav\u00e9s d\u2019espais com l\u2019escola, la f\u00e0brica o els habitatges, la realitat d\u2019un moment hist\u00f2ric de cabdal import\u00e0ncia per la hist\u00f2ria contempor\u00e0nia del nostre pa\u00eds i la seva industrialitzaci\u00f3.<\/span><\/div>\n<\/div>\n","protected":false},"excerpt":{"rendered":"<p>\u00a0<\/p>\n<p>L&#8217;alumnat de 4t d&#8217;ESO ha passat el dia al Bergued\u00e0. Coincidint amb l&#8217;estudi de les Revolucions Industrials han visitat les Mines de carb\u00f3 de Cercs on han pogut con\u00e8ixer des dels usos i aplicacions del carb\u00f3 fins a la vida entorn la mina. A la&hellip;  <a href=\"https:\/\/agora.xtec.cat\/iesalmenar\/noticies\/mines-de-cercs-i-colonia-vidal-4t-eso\/\" title=\"Read Mines de Cercs i Col\u00f2nia Vidal &#8211; 4t ESO\">Llegeix m\u00e9s\u00bb<\/a><\/p>\n","protected":false},"author":1,"featured_media":5736,"comment_status":"open","ping_status":"open","sticky":false,"template":"","format":"standard","meta":{"_bbp_topic_count":0,"_bbp_reply_count":0,"_bbp_total_topic_count":0,"_bbp_total_reply_count":0,"_bbp_voice_count":0,"_bbp_anonymous_reply_count":0,"_bbp_topic_count_hidden":0,"_bbp_reply_count_hidden":0,"_bbp_forum_subforum_count":0,"footnotes":""},"categories":[262],"tags":[],"class_list":["post-5735","post","type-post","status-publish","format-standard","has-post-thumbnail","hentry","category-noticies"],"post_mailing_queue_ids":[],"_links":{"self":[{"href":"https:\/\/agora.xtec.cat\/iesalmenar\/wp-json\/wp\/v2\/posts\/5735","targetHints":{"allow":["GET"]}}],"collection":[{"href":"https:\/\/agora.xtec.cat\/iesalmenar\/wp-json\/wp\/v2\/posts"}],"about":[{"href":"https:\/\/agora.xtec.cat\/iesalmenar\/wp-json\/wp\/v2\/types\/post"}],"author":[{"embeddable":true,"href":"https:\/\/agora.xtec.cat\/iesalmenar\/wp-json\/wp\/v2\/users\/1"}],"replies":[{"embeddable":true,"href":"https:\/\/agora.xtec.cat\/iesalmenar\/wp-json\/wp\/v2\/comments?post=5735"}],"version-history":[{"count":1,"href":"https:\/\/agora.xtec.cat\/iesalmenar\/wp-json\/wp\/v2\/posts\/5735\/revisions"}],"predecessor-version":[{"id":5737,"href":"https:\/\/agora.xtec.cat\/iesalmenar\/wp-json\/wp\/v2\/posts\/5735\/revisions\/5737"}],"wp:featuredmedia":[{"embeddable":true,"href":"https:\/\/agora.xtec.cat\/iesalmenar\/wp-json\/wp\/v2\/media\/5736"}],"wp:attachment":[{"href":"https:\/\/agora.xtec.cat\/iesalmenar\/wp-json\/wp\/v2\/media?parent=5735"}],"wp:term":[{"taxonomy":"category","embeddable":true,"href":"https:\/\/agora.xtec.cat\/iesalmenar\/wp-json\/wp\/v2\/categories?post=5735"},{"taxonomy":"post_tag","embeddable":true,"href":"https:\/\/agora.xtec.cat\/iesalmenar\/wp-json\/wp\/v2\/tags?post=5735"}],"curies":[{"name":"wp","href":"https:\/\/api.w.org\/{rel}","templated":true}]}}