{"id":5716,"date":"2025-10-30T13:03:35","date_gmt":"2025-10-30T12:03:35","guid":{"rendered":"https:\/\/agora.xtec.cat\/iesalmenar\/?p=5716"},"modified":"2026-02-05T18:32:41","modified_gmt":"2026-02-05T17:32:41","slug":"eleccions-consell-escolar","status":"publish","type":"post","link":"https:\/\/agora.xtec.cat\/iesalmenar\/portada\/eleccions-consell-escolar\/","title":{"rendered":"Eleccions Consell Escolar"},"content":{"rendered":"<p><a href=\"https:\/\/agora.xtec.cat\/iesalmenar\/wp-content\/uploads\/usu784\/2025\/10\/banner_consell-escolar.png\"><img loading=\"lazy\" decoding=\"async\" class=\"aligncenter wp-image-5720 size-full\" src=\"https:\/\/agora.xtec.cat\/iesalmenar\/wp-content\/uploads\/usu784\/2025\/10\/banner_consell-escolar.png\" alt=\"\" width=\"1039\" height=\"249\" srcset=\"https:\/\/agora.xtec.cat\/iesalmenar\/wp-content\/uploads\/usu784\/2025\/10\/banner_consell-escolar.png 1039w, https:\/\/agora.xtec.cat\/iesalmenar\/wp-content\/uploads\/usu784\/2025\/10\/banner_consell-escolar-300x72.png 300w, https:\/\/agora.xtec.cat\/iesalmenar\/wp-content\/uploads\/usu784\/2025\/10\/banner_consell-escolar-1024x245.png 1024w, https:\/\/agora.xtec.cat\/iesalmenar\/wp-content\/uploads\/usu784\/2025\/10\/banner_consell-escolar-150x36.png 150w, https:\/\/agora.xtec.cat\/iesalmenar\/wp-content\/uploads\/usu784\/2025\/10\/banner_consell-escolar-768x184.png 768w\" sizes=\"auto, (max-width: 1039px) 100vw, 1039px\" \/><\/a><\/p>\n<p>&#8211; Publicaci\u00f3 dels censos electorals: 30 d&#8217;octubre<br \/>\n&#8211;\u00a0Reclamacions dels censos: fins al 5 de novembre<br \/>\n&#8211; Presentaci\u00f3 de candidatures: del 10 al 12 de novembre. (Es pot enviar un correu a <a href=\"mailto:direccio@insalmenar.cat\" data-cke-saved-href=\"mailto:direccio@insalmenar.cat\">direccio@insalmenar.cat<\/a>\u00a0o presencialment a la direcci\u00f3 del centre.) En ambd\u00f3s casos s&#8217;ha d&#8217;adjuntar el document que trobareu clicant aqu\u00ed.<br \/>\n&#8211; Eleccions sector alumnes: 17 de novembre<br \/>\n&#8211; Eleccions sector pares: 18 de novembre de 8:30 a 14:30<br \/>\n&#8211; Eleccions sector professorat i PAS: 19 de novembre de 9 a 14 hores).<\/p>\n","protected":false},"excerpt":{"rendered":"<p><a href=\"https:\/\/agora.xtec.cat\/iesalmenar\/wp-content\/uploads\/usu784\/2025\/10\/banner_consell-escolar.png\"><\/a><br \/>\n&#8211; Publicaci\u00f3 dels censos electorals: 30 d&#8217;octubre<br \/>\n&#8211;\u00a0Reclamacions dels censos: fins al 5 de novembre<br \/>\n&#8211; Presentaci\u00f3 de candidatures: del 10 al 12 de novembre. (Es pot enviar un correu a <a href=\"mailto:direccio@insalmenar.cat\" data-cke-saved-href=\"mailto:direccio@insalmenar.cat\">direccio@insalmenar.cat<\/a>\u00a0o presencialment a la direcci\u00f3 del centre.) En ambd\u00f3s casos s&#8217;ha d&#8217;adjuntar el&hellip;  <a href=\"https:\/\/agora.xtec.cat\/iesalmenar\/portada\/eleccions-consell-escolar\/\" title=\"Read Eleccions Consell Escolar\">Llegeix m\u00e9s\u00bb<\/a><\/p>\n","protected":false},"author":1,"featured_media":5727,"comment_status":"closed","ping_status":"closed","sticky":false,"template":"","format":"standard","meta":{"_bbp_topic_count":0,"_bbp_reply_count":0,"_bbp_total_topic_count":0,"_bbp_total_reply_count":0,"_bbp_voice_count":0,"_bbp_anonymous_reply_count":0,"_bbp_topic_count_hidden":0,"_bbp_reply_count_hidden":0,"_bbp_forum_subforum_count":0,"footnotes":""},"categories":[262,29],"tags":[],"class_list":["post-5716","post","type-post","status-publish","format-standard","has-post-thumbnail","hentry","category-noticies","category-portada"],"post_mailing_queue_ids":[],"_links":{"self":[{"href":"https:\/\/agora.xtec.cat\/iesalmenar\/wp-json\/wp\/v2\/posts\/5716","targetHints":{"allow":["GET"]}}],"collection":[{"href":"https:\/\/agora.xtec.cat\/iesalmenar\/wp-json\/wp\/v2\/posts"}],"about":[{"href":"https:\/\/agora.xtec.cat\/iesalmenar\/wp-json\/wp\/v2\/types\/post"}],"author":[{"embeddable":true,"href":"https:\/\/agora.xtec.cat\/iesalmenar\/wp-json\/wp\/v2\/users\/1"}],"replies":[{"embeddable":true,"href":"https:\/\/agora.xtec.cat\/iesalmenar\/wp-json\/wp\/v2\/comments?post=5716"}],"version-history":[{"count":3,"href":"https:\/\/agora.xtec.cat\/iesalmenar\/wp-json\/wp\/v2\/posts\/5716\/revisions"}],"predecessor-version":[{"id":5721,"href":"https:\/\/agora.xtec.cat\/iesalmenar\/wp-json\/wp\/v2\/posts\/5716\/revisions\/5721"}],"wp:featuredmedia":[{"embeddable":true,"href":"https:\/\/agora.xtec.cat\/iesalmenar\/wp-json\/wp\/v2\/media\/5727"}],"wp:attachment":[{"href":"https:\/\/agora.xtec.cat\/iesalmenar\/wp-json\/wp\/v2\/media?parent=5716"}],"wp:term":[{"taxonomy":"category","embeddable":true,"href":"https:\/\/agora.xtec.cat\/iesalmenar\/wp-json\/wp\/v2\/categories?post=5716"},{"taxonomy":"post_tag","embeddable":true,"href":"https:\/\/agora.xtec.cat\/iesalmenar\/wp-json\/wp\/v2\/tags?post=5716"}],"curies":[{"name":"wp","href":"https:\/\/api.w.org\/{rel}","templated":true}]}}