{"id":5710,"date":"2025-10-23T13:16:20","date_gmt":"2025-10-23T11:16:20","guid":{"rendered":"https:\/\/agora.xtec.cat\/iesalmenar\/?p=5710"},"modified":"2025-10-23T13:16:20","modified_gmt":"2025-10-23T11:16:20","slug":"projecte-etwinning-mostreig-del-riu","status":"publish","type":"post","link":"https:\/\/agora.xtec.cat\/iesalmenar\/noticies\/projecte-etwinning-mostreig-del-riu\/","title":{"rendered":"Projecte eTwinning \u2013 Mostreig del riu"},"content":{"rendered":"<p data-start=\"465\" data-end=\"855\">L\u2019alumnat participant al projecte <strong data-start=\"499\" data-end=\"519\">eTwinning Ecor\u00edu<\/strong> ha dut a terme una sortida de camp per analitzar diversos <strong data-start=\"578\" data-end=\"606\">par\u00e0metres fisicoqu\u00edmics<\/strong> del tram de riu que estudien. Durant l\u2019activitat, van mesurar la <strong data-start=\"672\" data-end=\"698\">temperatura de l\u2019aigua<\/strong>, van calcular la <strong data-start=\"716\" data-end=\"740\">velocitat i el cabal<\/strong>, la <strong data-start=\"745\" data-end=\"760\">profunditat<\/strong>, <strong data-start=\"762\" data-end=\"773\">amplada<\/strong> i <strong data-start=\"776\" data-end=\"809\">\u00e0rea de la secci\u00f3 transversal<\/strong>, aix\u00ed com el <strong data-start=\"823\" data-end=\"829\">pH<\/strong> i la <strong data-start=\"835\" data-end=\"852\">transpar\u00e8ncia<\/strong>.<\/p>\n<p data-start=\"857\" data-end=\"1039\">Aquesta activitat t\u00e9 com a objectiu <strong data-start=\"893\" data-end=\"958\">fomentar la compet\u00e8ncia cient\u00edfica i la consci\u00e8ncia ambiental<\/strong> a trav\u00e9s de l\u2019aprenentatge pr\u00e0ctic i l\u2019observaci\u00f3 directa de l\u2019entorn natural.<\/p>\n","protected":false},"excerpt":{"rendered":"<p>L\u2019alumnat participant al projecte eTwinning Ecor\u00edu ha dut a terme una sortida de camp per analitzar diversos par\u00e0metres fisicoqu\u00edmics del tram de riu que estudien. Durant l\u2019activitat, van mesurar la temperatura de l\u2019aigua, van calcular la velocitat i el cabal, la profunditat, amplada i \u00e0rea&hellip;  <a href=\"https:\/\/agora.xtec.cat\/iesalmenar\/noticies\/projecte-etwinning-mostreig-del-riu\/\" title=\"Read Projecte eTwinning \u2013 Mostreig del riu\">Llegeix m\u00e9s\u00bb<\/a><\/p>\n","protected":false},"author":1,"featured_media":5711,"comment_status":"open","ping_status":"open","sticky":false,"template":"","format":"standard","meta":{"_bbp_topic_count":0,"_bbp_reply_count":0,"_bbp_total_topic_count":0,"_bbp_total_reply_count":0,"_bbp_voice_count":0,"_bbp_anonymous_reply_count":0,"_bbp_topic_count_hidden":0,"_bbp_reply_count_hidden":0,"_bbp_forum_subforum_count":0,"footnotes":""},"categories":[262],"tags":[],"class_list":["post-5710","post","type-post","status-publish","format-standard","has-post-thumbnail","hentry","category-noticies"],"post_mailing_queue_ids":[],"_links":{"self":[{"href":"https:\/\/agora.xtec.cat\/iesalmenar\/wp-json\/wp\/v2\/posts\/5710","targetHints":{"allow":["GET"]}}],"collection":[{"href":"https:\/\/agora.xtec.cat\/iesalmenar\/wp-json\/wp\/v2\/posts"}],"about":[{"href":"https:\/\/agora.xtec.cat\/iesalmenar\/wp-json\/wp\/v2\/types\/post"}],"author":[{"embeddable":true,"href":"https:\/\/agora.xtec.cat\/iesalmenar\/wp-json\/wp\/v2\/users\/1"}],"replies":[{"embeddable":true,"href":"https:\/\/agora.xtec.cat\/iesalmenar\/wp-json\/wp\/v2\/comments?post=5710"}],"version-history":[{"count":1,"href":"https:\/\/agora.xtec.cat\/iesalmenar\/wp-json\/wp\/v2\/posts\/5710\/revisions"}],"predecessor-version":[{"id":5712,"href":"https:\/\/agora.xtec.cat\/iesalmenar\/wp-json\/wp\/v2\/posts\/5710\/revisions\/5712"}],"wp:featuredmedia":[{"embeddable":true,"href":"https:\/\/agora.xtec.cat\/iesalmenar\/wp-json\/wp\/v2\/media\/5711"}],"wp:attachment":[{"href":"https:\/\/agora.xtec.cat\/iesalmenar\/wp-json\/wp\/v2\/media?parent=5710"}],"wp:term":[{"taxonomy":"category","embeddable":true,"href":"https:\/\/agora.xtec.cat\/iesalmenar\/wp-json\/wp\/v2\/categories?post=5710"},{"taxonomy":"post_tag","embeddable":true,"href":"https:\/\/agora.xtec.cat\/iesalmenar\/wp-json\/wp\/v2\/tags?post=5710"}],"curies":[{"name":"wp","href":"https:\/\/api.w.org\/{rel}","templated":true}]}}