{"id":5694,"date":"2025-10-13T11:09:34","date_gmt":"2025-10-13T09:09:34","guid":{"rendered":"https:\/\/agora.xtec.cat\/iesalmenar\/?p=5694"},"modified":"2025-10-13T11:09:34","modified_gmt":"2025-10-13T09:09:34","slug":"cohesio-coneixenca-i-treball-en-equip-a-1r-deso","status":"publish","type":"post","link":"https:\/\/agora.xtec.cat\/iesalmenar\/noticies\/cohesio-coneixenca-i-treball-en-equip-a-1r-deso\/","title":{"rendered":"Cohesi\u00f3, coneixen\u00e7a i treball en equip a 1r d\u2019ESO!"},"content":{"rendered":"<div class=\"\" data-block=\"true\" data-editor=\"fi8lj\" data-offset-key=\"1l7g6-0-0\">\n<div class=\"_1mf _1mj\" data-offset-key=\"1l7g6-0-0\">\u00a0<\/div>\n<\/div>\n<div class=\"\" data-block=\"true\" data-editor=\"fi8lj\" data-offset-key=\"fo8pa-0-0\">\n<div class=\"_1mf _1mj\" data-offset-key=\"fo8pa-0-0\"><span data-offset-key=\"fo8pa-0-0\">Durant aquestes setmanes, l\u2019alumnat de 1r d\u2019ESO participa en din\u00e0miques de grup a les hores de tutoria amb l\u2019objectiu de fomentar la cohesi\u00f3, el coneixement mutu i el treball en equip.<\/span><\/div>\n<\/div>\n<div class=\"\" data-block=\"true\" data-editor=\"fi8lj\" data-offset-key=\"47aej-0-0\">\n<div class=\"_1mf _1mj\" data-offset-key=\"47aej-0-0\"><span data-offset-key=\"47aej-0-0\">\u00a0<\/span><\/div>\n<\/div>\n<div class=\"\" data-block=\"true\" data-editor=\"fi8lj\" data-offset-key=\"6v159-0-0\">\n<div class=\"_1mf _1mj\" data-offset-key=\"6v159-0-0\"><span data-offset-key=\"6v159-0-0\">A trav\u00e9s de jocs, activitats cooperatives i espais de reflexi\u00f3, els nois i noies aprenen a crear vincles positius, comunicar-se de manera assertiva i construir un bon clima d\u2019aula. \ud83c\udf1f<\/span><\/div>\n<\/div>\n<div class=\"\" data-block=\"true\" data-editor=\"fi8lj\" data-offset-key=\"7vuok-0-0\">\n<div class=\"_1mf _1mj\" data-offset-key=\"7vuok-0-0\"><span data-offset-key=\"7vuok-0-0\">\u00a0<\/span><\/div>\n<\/div>\n<div class=\"\" data-block=\"true\" data-editor=\"fi8lj\" data-offset-key=\"crvv9-0-0\">\n<div class=\"_1mf _1mj\" data-offset-key=\"crvv9-0-0\"><span data-offset-key=\"crvv9-0-0\">Perqu\u00e8 comen\u00e7ar una nova etapa \u00e9s molt m\u00e9s f\u00e0cil quan ho fem junts i amb bon ambient! \ud83d\udcaa\ud83d\udc99<\/span><\/div>\n<\/div>\n<div class=\"\" data-block=\"true\" data-editor=\"fi8lj\" data-offset-key=\"f3g7m-0-0\">\n<div class=\"_1mf _1mj\" data-offset-key=\"f3g7m-0-0\"><span data-offset-key=\"f3g7m-0-0\">\u00a0<\/span><\/div>\n<\/div>\n<div class=\"\" data-block=\"true\" data-editor=\"fi8lj\" data-offset-key=\"2v84m-0-0\">\n<div class=\"_1mf _1mj\" data-offset-key=\"2v84m-0-0\"><span class=\"_5zk7\" spellcheck=\"false\" data-offset-key=\"2v84m-0-0\"><span data-offset-key=\"2v84m-0-0\">#Cohesi\u00f3<\/span><\/span> <span class=\"_5zk7\" spellcheck=\"false\" data-offset-key=\"2v84m-2-0\"><span data-offset-key=\"2v84m-2-0\">#TreballEnEquip<\/span><\/span> <span class=\"_5zk7\" spellcheck=\"false\" data-offset-key=\"2v84m-4-0\"><span data-offset-key=\"2v84m-4-0\">#Tutoria<\/span><\/span> <span class=\"_5zk7\" spellcheck=\"false\" data-offset-key=\"2v84m-6-0\"><span data-offset-key=\"2v84m-6-0\">#1rESO<\/span><\/span> <span class=\"_5zk7\" spellcheck=\"false\" data-offset-key=\"2v84m-8-0\"><span data-offset-key=\"2v84m-8-0\">#InstitutAlmenar<\/span><\/span> <span class=\"_5zk7\" spellcheck=\"false\" data-offset-key=\"2v84m-10-0\"><span data-offset-key=\"2v84m-10-0\">#Conviv\u00e8ncia<\/span><\/span> <span class=\"_5zk7\" spellcheck=\"false\" data-offset-key=\"2v84m-12-0\"><span data-offset-key=\"2v84m-12-0\">#Educaci\u00f3Emocional<\/span><\/span><\/div>\n<\/div>\n","protected":false},"excerpt":{"rendered":"<p>\u00a0<\/p>\n<p>Durant aquestes setmanes, l\u2019alumnat de 1r d\u2019ESO participa en din\u00e0miques de grup a les hores de tutoria amb l\u2019objectiu de fomentar la cohesi\u00f3, el coneixement mutu i el treball en equip.<\/p>\n<p>\u00a0<\/p>\n<p>A trav\u00e9s de jocs, activitats cooperatives i espais de reflexi\u00f3, els nois i noies aprenen&hellip;  <a href=\"https:\/\/agora.xtec.cat\/iesalmenar\/noticies\/cohesio-coneixenca-i-treball-en-equip-a-1r-deso\/\" title=\"Read Cohesi\u00f3, coneixen\u00e7a i treball en equip a 1r d\u2019ESO!\">Llegeix m\u00e9s\u00bb<\/a><\/p>\n","protected":false},"author":1,"featured_media":5695,"comment_status":"open","ping_status":"open","sticky":false,"template":"","format":"standard","meta":{"_bbp_topic_count":0,"_bbp_reply_count":0,"_bbp_total_topic_count":0,"_bbp_total_reply_count":0,"_bbp_voice_count":0,"_bbp_anonymous_reply_count":0,"_bbp_topic_count_hidden":0,"_bbp_reply_count_hidden":0,"_bbp_forum_subforum_count":0,"footnotes":""},"categories":[262],"tags":[],"class_list":["post-5694","post","type-post","status-publish","format-standard","has-post-thumbnail","hentry","category-noticies"],"post_mailing_queue_ids":[],"_links":{"self":[{"href":"https:\/\/agora.xtec.cat\/iesalmenar\/wp-json\/wp\/v2\/posts\/5694","targetHints":{"allow":["GET"]}}],"collection":[{"href":"https:\/\/agora.xtec.cat\/iesalmenar\/wp-json\/wp\/v2\/posts"}],"about":[{"href":"https:\/\/agora.xtec.cat\/iesalmenar\/wp-json\/wp\/v2\/types\/post"}],"author":[{"embeddable":true,"href":"https:\/\/agora.xtec.cat\/iesalmenar\/wp-json\/wp\/v2\/users\/1"}],"replies":[{"embeddable":true,"href":"https:\/\/agora.xtec.cat\/iesalmenar\/wp-json\/wp\/v2\/comments?post=5694"}],"version-history":[{"count":1,"href":"https:\/\/agora.xtec.cat\/iesalmenar\/wp-json\/wp\/v2\/posts\/5694\/revisions"}],"predecessor-version":[{"id":5696,"href":"https:\/\/agora.xtec.cat\/iesalmenar\/wp-json\/wp\/v2\/posts\/5694\/revisions\/5696"}],"wp:featuredmedia":[{"embeddable":true,"href":"https:\/\/agora.xtec.cat\/iesalmenar\/wp-json\/wp\/v2\/media\/5695"}],"wp:attachment":[{"href":"https:\/\/agora.xtec.cat\/iesalmenar\/wp-json\/wp\/v2\/media?parent=5694"}],"wp:term":[{"taxonomy":"category","embeddable":true,"href":"https:\/\/agora.xtec.cat\/iesalmenar\/wp-json\/wp\/v2\/categories?post=5694"},{"taxonomy":"post_tag","embeddable":true,"href":"https:\/\/agora.xtec.cat\/iesalmenar\/wp-json\/wp\/v2\/tags?post=5694"}],"curies":[{"name":"wp","href":"https:\/\/api.w.org\/{rel}","templated":true}]}}