{"id":5610,"date":"2025-06-23T09:00:57","date_gmt":"2025-06-23T07:00:57","guid":{"rendered":"https:\/\/agora.xtec.cat\/iesalmenar\/?p=5610"},"modified":"2025-06-20T16:21:02","modified_gmt":"2025-06-20T14:21:02","slug":"%f0%9f%93%9a%f0%9f%8c%8d-simulem-la-guerra-freda","status":"publish","type":"post","link":"https:\/\/agora.xtec.cat\/iesalmenar\/historic\/%f0%9f%93%9a%f0%9f%8c%8d-simulem-la-guerra-freda\/","title":{"rendered":"\ud83d\udcda\ud83c\udf0d Simulem la Guerra Freda!"},"content":{"rendered":"<p data-start=\"240\" data-end=\"411\">Com cada curs, l\u2019alumnat de 1r de batxillerat d\u2019Hist\u00f2ria del m\u00f3n contemporani ha recreat la Guerra Freda (1945-1989) utilitzant el joc <em data-start=\"375\" data-end=\"394\">Twilight Struggle<\/em> de <span class=\"atwho-query\">@devir.cat<\/span><\/p>\n<p data-start=\"413\" data-end=\"507\">Aquest any, a m\u00e9s, hem tingut el privilegi d\u2019estrenar la <strong data-start=\"470\" data-end=\"490\">versi\u00f3 en catal\u00e0<\/strong> del joc! \ud83d\udd4a\ufe0f\ud83d\udd34\ud83d\udd35<\/p>\n<p data-start=\"509\" data-end=\"637\">Una manera l\u00fadica i rigorosa d\u2019entendre els equilibris de poder, la tensi\u00f3 nuclear i les estrat\u00e8gies geopol\u00edtiques del segle XX.<\/p>\n<p data-start=\"639\" data-end=\"744\">#GuerraFreda #TwilightStruggle #Batxillerat #Hist\u00f2ria #AprendreJugant #Educaci\u00f3 #JocsDeTaula #DevirCatal\u00e0<\/p>\n","protected":false},"excerpt":{"rendered":"<p>Com cada curs, l\u2019alumnat de 1r de batxillerat d\u2019Hist\u00f2ria del m\u00f3n contemporani ha recreat la Guerra Freda (1945-1989) utilitzant el joc Twilight Struggle de @devir.cat<br \/>\nAquest any, a m\u00e9s, hem tingut el privilegi d\u2019estrenar la versi\u00f3 en catal\u00e0 del joc! \ud83d\udd4a\ufe0f\ud83d\udd34\ud83d\udd35<br \/>\nUna manera l\u00fadica i rigorosa d\u2019entendre&hellip;  <a href=\"https:\/\/agora.xtec.cat\/iesalmenar\/historic\/%f0%9f%93%9a%f0%9f%8c%8d-simulem-la-guerra-freda\/\" title=\"Read \ud83d\udcda\ud83c\udf0d Simulem la Guerra Freda!\">Llegeix m\u00e9s\u00bb<\/a><\/p>\n","protected":false},"author":1,"featured_media":5611,"comment_status":"open","ping_status":"open","sticky":false,"template":"","format":"standard","meta":{"_bbp_topic_count":0,"_bbp_reply_count":0,"_bbp_total_topic_count":0,"_bbp_total_reply_count":0,"_bbp_voice_count":0,"_bbp_anonymous_reply_count":0,"_bbp_topic_count_hidden":0,"_bbp_reply_count_hidden":0,"_bbp_forum_subforum_count":0,"footnotes":""},"categories":[1],"tags":[],"class_list":["post-5610","post","type-post","status-publish","format-standard","has-post-thumbnail","hentry","category-historic"],"post_mailing_queue_ids":[],"_links":{"self":[{"href":"https:\/\/agora.xtec.cat\/iesalmenar\/wp-json\/wp\/v2\/posts\/5610","targetHints":{"allow":["GET"]}}],"collection":[{"href":"https:\/\/agora.xtec.cat\/iesalmenar\/wp-json\/wp\/v2\/posts"}],"about":[{"href":"https:\/\/agora.xtec.cat\/iesalmenar\/wp-json\/wp\/v2\/types\/post"}],"author":[{"embeddable":true,"href":"https:\/\/agora.xtec.cat\/iesalmenar\/wp-json\/wp\/v2\/users\/1"}],"replies":[{"embeddable":true,"href":"https:\/\/agora.xtec.cat\/iesalmenar\/wp-json\/wp\/v2\/comments?post=5610"}],"version-history":[{"count":1,"href":"https:\/\/agora.xtec.cat\/iesalmenar\/wp-json\/wp\/v2\/posts\/5610\/revisions"}],"predecessor-version":[{"id":5612,"href":"https:\/\/agora.xtec.cat\/iesalmenar\/wp-json\/wp\/v2\/posts\/5610\/revisions\/5612"}],"wp:featuredmedia":[{"embeddable":true,"href":"https:\/\/agora.xtec.cat\/iesalmenar\/wp-json\/wp\/v2\/media\/5611"}],"wp:attachment":[{"href":"https:\/\/agora.xtec.cat\/iesalmenar\/wp-json\/wp\/v2\/media?parent=5610"}],"wp:term":[{"taxonomy":"category","embeddable":true,"href":"https:\/\/agora.xtec.cat\/iesalmenar\/wp-json\/wp\/v2\/categories?post=5610"},{"taxonomy":"post_tag","embeddable":true,"href":"https:\/\/agora.xtec.cat\/iesalmenar\/wp-json\/wp\/v2\/tags?post=5610"}],"curies":[{"name":"wp","href":"https:\/\/api.w.org\/{rel}","templated":true}]}}